{"id":29870,"date":"2012-11-23T15:49:31","date_gmt":"2012-11-23T18:49:31","guid":{"rendered":"http:\/\/www.elsindical.com.ar\/notas\/?p=29870"},"modified":"2012-11-23T15:49:31","modified_gmt":"2012-11-23T18:49:31","slug":"el-gobierno-dispuso-aumentos-de-hasta-150-en-las-tarifas-de-gas-y-luz","status":"publish","type":"post","link":"https:\/\/www.elsindical.com.ar\/notas\/el-gobierno-dispuso-aumentos-de-hasta-150-en-las-tarifas-de-gas-y-luz\/","title":{"rendered":"El Gobierno dispuso aumentos de hasta $150 en las tarifas de gas y luz"},"content":{"rendered":"<p style=\"text-align: justify;\"><em><a href=\"http:\/\/www.elsindical.com.ar\/notas\/var\/www\/html\/notas\/wp-content\/uploads\/2012\/11\/escala-aumento-de-luz-11-2012.jpg\"><img loading=\"lazy\" decoding=\"async\" class=\"alignleft size-medium wp-image-29871\" title=\"escala-aumento-de-luz-11-2012\" src=\"http:\/\/www.elsindical.com.ar\/notas\/var\/www\/html\/notas\/wp-content\/uploads\/2012\/11\/escala-aumento-de-luz-11-2012-300x297.jpg\" alt=\"\" width=\"300\" height=\"297\" srcset=\"https:\/\/www.elsindical.com.ar\/notas\/var\/www\/html\/notas\/wp-content\/uploads\/2012\/11\/escala-aumento-de-luz-11-2012-300x297.jpg 300w, https:\/\/www.elsindical.com.ar\/notas\/var\/www\/html\/notas\/wp-content\/uploads\/2012\/11\/escala-aumento-de-luz-11-2012-150x150.jpg 150w, https:\/\/www.elsindical.com.ar\/notas\/var\/www\/html\/notas\/wp-content\/uploads\/2012\/11\/escala-aumento-de-luz-11-2012-302x300.jpg 302w, https:\/\/www.elsindical.com.ar\/notas\/var\/www\/html\/notas\/wp-content\/uploads\/2012\/11\/escala-aumento-de-luz-11-2012.jpg 443w\" sizes=\"auto, (max-width: 300px) 100vw, 300px\" \/><\/a>Regir\u00e1n <strong>desde el 1\u00b0 de noviembre<\/strong> y est\u00e1n destinados <strong>a financiar obras de extensi\u00f3n de la red<\/strong>, anunciaron <strong>Julio de Vido<\/strong> y<strong> Axel Kicillof<\/strong>. Las distribuidoras no recibir\u00e1n fondos extras. Continuar\u00e1 vigente el esquema de subsidios.<strong> Comercios pagar\u00e1n hasta $300 m\u00e1s<\/strong>.<\/em><\/p>\n<p style=\"text-align: justify;\">El gobierno nacional anunci\u00f3 aumentos fijos en las <strong>tarifas de gas y luz<\/strong> para financiar las obras de infraestructura en estos servicios. El nuevo esquema tarifario, que rige desde el 1\u00b0 de noviembre, se aplicar\u00e1 con montos fijos, que ir\u00e1n <strong>desde $4 a $150<\/strong> por bimestre en el consumo residencial de<strong> luz para el \u00e1era metropolitana<\/strong>; y de <strong>$4 a $60 bimestral<\/strong> en el consumo residencial de <strong>gas para casi todo el pa\u00eds<\/strong>. En la <strong>actividad comercial<\/strong> las subas llegan <strong>hasta $300 por cada servicio cada dos meses<\/strong>.<br \/>\nSeg\u00fan anunciaron, <strong>se contemplar\u00e1n ocho excepciones para el incremento<\/strong>: las personas que necesiten de tratamientos electrodependientes, las viviendas con varias familias bajo un mismo techo, los hogares con planes de viviendas sociales, las personas que reciben servicios asistenciales, las construcciones desfavorables, aquellos que sufran de enfermedades cr\u00f3nicas o incapacidades, los casos especiales de ingresos insuficientes y <strong>las personas que se postulen voluntariamente para no pagar el aumento<\/strong>.<br \/>\nEl viceministro de Econom\u00eda, <strong>Axel Kicillof<\/strong>, se\u00f1al\u00f3 que, m\u00e1s all\u00e1 de los incrementos fijos anunciados, el Poder Ejecutivo <strong>continuar\u00e1 con el actual esquema de subsidios<\/strong> \u00abpara mantener la competitividad y el poder adquisitivo de los trabajadores\u00bb.<br \/>\nPor su parte, el ministro de Planificaci\u00f3n Federal, <strong>Julio de Vido<\/strong>, advirti\u00f3 que todo lo recaudado ir\u00e1 a dos fondos de inversi\u00f3n que cobrar\u00e1 el Estado nacional para que luego las concesionarias del servicio (<strong>Edenor y Edesur<\/strong>) realicen obras gas\u00edferas en todo el pa\u00eds y de infraestructura el\u00e9ctrica en el <strong>norte y sur del Conurbano y en el sur de la ciudad de Buenos Aires<\/strong>.<br \/>\n\u00ab<strong>Sabemos perfectamente bien lo que hay que hacer, no necesitamos que nos lo digan las empresas<\/strong>\u00ab, advirti\u00f3, en referencia a los usuales reclamos de las concesionarias por aumentos de tarifas.<\/p>\n<p style=\"text-align: justify;\">En ese sentido, el ministro de Planificaci\u00f3n Federal aclar\u00f3 que ser\u00e1 \u00abel Estado con los intendentes y no las compa\u00f1\u00edas\u00bb quienes decidir\u00e1n el destino de las obras. \u00ab<strong>Las empresas tienen que hacer lo que nosotros les digamos<\/strong>\u00ab, sostuvo.<\/p>\n<p style=\"text-align: justify;\">Adem\u00e1s, <strong>Kicillof<\/strong> record\u00f3 que \u00ab<strong>mantener tarifas baratas<\/strong>\u00bb se \u00abtraduce en un incremento del salario\u00bb. \u00abEmpecemos a llamar las cosas por su nombre: el subsidio a la luz y el subsidio al gas es salario indirecto\u00bb, reclam\u00f3.<br \/>\nEl funcionario aprovech\u00f3 la ocasi\u00f3n para <strong>apuntar contra los gobiernos provinciales que incrementaron las tarifas de electricidad cuando las dependencias nacionales no lo hicieron<\/strong>. \u00abCuando generamos energ\u00eda barata, se la damos a trav\u00e9s de las transportadoras, de Cammesa, que la vende a las distribuidoras a trav\u00e9s de las transportadoras. Algunos vivos suben las tarifas energ\u00e9ticas de manera que pega en el bolsillo de los consumidores y en la competitividad empresaria para engrosar los bolsillos de las provincias\u00bb, cuestion\u00f3.<br \/>\nA modo de ejemplo de las virtudes de los subsidios, el funcionario indic\u00f3 que en la actualidad el consumo m\u00ednimo de gas significa, en promedio, un<strong> 0,28% de los salarios<\/strong>.<br \/>\nEl viceministro de Econom\u00eda destac\u00f3 tambi\u00e9n la actual estructura de costos. Seg\u00fan record\u00f3, hasta antes del incremento, una persona que cobra el Salario M\u00ednimo, Vital y M\u00f3vil ($2.875) paga en total $26 por el gas y la electricidad, <strong>recibiendo un subsidio de $60<\/strong>, mientras que una persona casada con dos hijos y un salario de $10.000 abona alrededor de $123, con <strong>una compensaci\u00f3n de $332<\/strong>.<\/p>\n<p style=\"text-align: justify;\">A ra\u00edz de esto, <strong>Kicillof<\/strong> esboz\u00f3 una defensa del m\u00ednimo no imponible del <strong>Impuesto a las Ganancias<\/strong>, tan cuestionado en los \u00faltimos d\u00edas por gremialistas y opositores. Seg\u00fan record\u00f3, los salarios que empiezan a pagar el gravamen <strong>abonan \u00ab$46, pero el Estado se lo devuelve en subsidios y con creces<\/strong>\u00ab.<a href=\"http:\/\/www.elsindical.com.ar\/notas\/var\/www\/html\/notas\/wp-content\/uploads\/2012\/11\/escala-aumento-de-gas-11-2012.jpg\"><img loading=\"lazy\" decoding=\"async\" class=\"alignleft size-medium wp-image-29872\" title=\"escala-aumento-de-gas-11-2012\" src=\"http:\/\/www.elsindical.com.ar\/notas\/var\/www\/html\/notas\/wp-content\/uploads\/2012\/11\/escala-aumento-de-gas-11-2012-300x283.jpg\" alt=\"\" width=\"300\" height=\"283\" srcset=\"https:\/\/www.elsindical.com.ar\/notas\/var\/www\/html\/notas\/wp-content\/uploads\/2012\/11\/escala-aumento-de-gas-11-2012-300x283.jpg 300w, https:\/\/www.elsindical.com.ar\/notas\/var\/www\/html\/notas\/wp-content\/uploads\/2012\/11\/escala-aumento-de-gas-11-2012-317x300.jpg 317w, https:\/\/www.elsindical.com.ar\/notas\/var\/www\/html\/notas\/wp-content\/uploads\/2012\/11\/escala-aumento-de-gas-11-2012.jpg 443w\" sizes=\"auto, (max-width: 300px) 100vw, 300px\" \/><\/a><\/p>\n","protected":false},"excerpt":{"rendered":"<p>Regir\u00e1n desde el 1\u00b0 de noviembre y est\u00e1n destinados a financiar obras de extensi\u00f3n de la red, anunciaron Julio de Vido y Axel Kicillof. Las distribuidoras no recibir\u00e1n fondos extras. Continuar\u00e1 vigente el esquema de subsidios. Comercios pagar\u00e1n hasta $300 m\u00e1s. El gobierno nacional anunci\u00f3 aumentos fijos en las tarifas de gas y luz para&hellip;<\/p>\n","protected":false},"author":1,"featured_media":0,"comment_status":"open","ping_status":"open","sticky":false,"template":"","format":"standard","meta":{"footnotes":""},"categories":[9],"tags":[13798,3551,131,2032,373,376],"class_list":["post-29870","post","type-post","status-publish","format-standard","hentry","category-economia","tag-axel-kicillof","tag-gas","tag-julio-de-vido","tag-luz","tag-tarifas","tag-usuarios"],"_links":{"self":[{"href":"https:\/\/www.elsindical.com.ar\/notas\/wp-json\/wp\/v2\/posts\/29870","targetHints":{"allow":["GET"]}}],"collection":[{"href":"https:\/\/www.elsindical.com.ar\/notas\/wp-json\/wp\/v2\/posts"}],"about":[{"href":"https:\/\/www.elsindical.com.ar\/notas\/wp-json\/wp\/v2\/types\/post"}],"author":[{"embeddable":true,"href":"https:\/\/www.elsindical.com.ar\/notas\/wp-json\/wp\/v2\/users\/1"}],"replies":[{"embeddable":true,"href":"https:\/\/www.elsindical.com.ar\/notas\/wp-json\/wp\/v2\/comments?post=29870"}],"version-history":[{"count":1,"href":"https:\/\/www.elsindical.com.ar\/notas\/wp-json\/wp\/v2\/posts\/29870\/revisions"}],"predecessor-version":[{"id":29873,"href":"https:\/\/www.elsindical.com.ar\/notas\/wp-json\/wp\/v2\/posts\/29870\/revisions\/29873"}],"wp:attachment":[{"href":"https:\/\/www.elsindical.com.ar\/notas\/wp-json\/wp\/v2\/media?parent=29870"}],"wp:term":[{"taxonomy":"category","embeddable":true,"href":"https:\/\/www.elsindical.com.ar\/notas\/wp-json\/wp\/v2\/categories?post=29870"},{"taxonomy":"post_tag","embeddable":true,"href":"https:\/\/www.elsindical.com.ar\/notas\/wp-json\/wp\/v2\/tags?post=29870"}],"curies":[{"name":"wp","href":"https:\/\/api.w.org\/{rel}","templated":true}]}}