{"id":29857,"date":"2012-11-23T03:09:20","date_gmt":"2012-11-23T06:09:20","guid":{"rendered":"http:\/\/www.elsindical.com.ar\/notas\/?p=29857"},"modified":"2012-11-23T03:09:38","modified_gmt":"2012-11-23T06:09:38","slug":"pilardenuncian-irregularidades-en-clinica-de-recuperacion-para-adictos-de-del-viso","status":"publish","type":"post","link":"https:\/\/www.elsindical.com.ar\/notas\/pilardenuncian-irregularidades-en-clinica-de-recuperacion-para-adictos-de-del-viso\/","title":{"rendered":"Pilar:Denuncian irregularidades en cl\u00ednica de recuperaci\u00f3n para adictos de Del Viso"},"content":{"rendered":"<p style=\"text-align: justify;\"><em><a href=\"http:\/\/www.elsindical.com.ar\/notas\/var\/www\/html\/notas\/wp-content\/uploads\/2012\/11\/fumandose-un-porro.jpg\"><img loading=\"lazy\" decoding=\"async\" class=\"alignleft size-medium wp-image-29858\" title=\"fumandose-un-porro\" src=\"http:\/\/www.elsindical.com.ar\/notas\/var\/www\/html\/notas\/wp-content\/uploads\/2012\/11\/fumandose-un-porro-300x199.jpg\" alt=\"\" width=\"300\" height=\"199\" srcset=\"https:\/\/www.elsindical.com.ar\/notas\/var\/www\/html\/notas\/wp-content\/uploads\/2012\/11\/fumandose-un-porro-300x199.jpg 300w, https:\/\/www.elsindical.com.ar\/notas\/var\/www\/html\/notas\/wp-content\/uploads\/2012\/11\/fumandose-un-porro.jpg 443w\" sizes=\"auto, (max-width: 300px) 100vw, 300px\" \/><\/a>Unas 80 personas que estaban internadas en un centro de rehabilitaci\u00f3n de la localidad de Del Viso, en Pilar, fueron rescatadas ayer por la fuerza por familiares y amigos que destrozaron el lugar.<\/em><\/p>\n<p style=\"text-align: justify;\">Unas <strong>80 personas<\/strong> que estaban internadas en un centro de rehabilitaci\u00f3n de la localidad de <strong>Del Viso,<\/strong> en <strong>Pilar<\/strong>, fueron rescatadas ayer por la fuerza por familiares y amigos que destrozaron el lugar y acusaron a los responsables de torturar f\u00edsica y psicol\u00f3gicamente a los pacientes, e incluso de obligarlos a participar de ritos sat\u00e1nicos.<\/p>\n<p style=\"text-align: justify;\">En el lugar, una quinta donde funcionaba el centro de rehabilitaci\u00f3n de adictos \u201cVolviendo a la esencia\u201d, los internos denunciaron \u201c<strong>era apto para 40 personas, pero est\u00e1bamos alojados alrededor de 90\u201d. <\/strong><\/p>\n<p style=\"text-align: justify;\"><strong>Encerrados en un garaje <\/strong><\/p>\n<p style=\"text-align: justify;\">\u201cNos ten\u00edan a todos encerrados en un garaje, s\u00f3lo nos daban de comer sopa. No pod\u00edamos salir para nada. Nos hac\u00edamos pis y caca encima. Viv\u00edamos arriba de toda la inmundicia\u201d, asegur\u00f3 un interno.<\/p>\n<p style=\"text-align: justify;\">\u00a0Incluso, el mismo paciente relat\u00f3 que cuando estuvo internado \u201c<strong>un anciano muri\u00f3 por falta de aire y nadie del lugar atendi\u00f3 los pedidos de auxilio del resto de los internados\u201d.<\/strong> Los familiares de los pacientes atrapados en esa quinta se\u00f1alaron que \u201clos hac\u00edan vivir en una situaci\u00f3n completamente precaria, lejos de las comodidades y asistencia m\u00e9dica que promet\u00edan cuando contratabas el servicio\u201d.<\/p>\n<p style=\"text-align: justify;\">\u201cAlgunos de ellos incluso declararon que los obligaron a participar de ritos sat\u00e1nicos con velas y otros elementos religiosos, en los que al parecer les hac\u00edan venerar a dioses umbandas\u201d, destacaron.<\/p>\n<p style=\"text-align: justify;\"><strong>Pablo Salum, director de la ONG \u201cLibre mentes\u201d,<\/strong> cont\u00f3 ayer que \u201clos chicos eran internados para combatir adicciones y las familias eran completamente enga\u00f1adas. Los que estaban ah\u00ed eran maltratados f\u00edsicamente, psicol\u00f3gicamente, y tambi\u00e9n los drogaban\u201d, dijo.<\/p>\n<p style=\"text-align: justify;\">La cuota de 9000 pesos garantizaba, seg\u00fan los responsables del lugar, todas las necesidades y comodidades de los internos y promet\u00eda, entre otras cosas, cancha de tenis, piscina y dormitorios individuales para que sobrellevaran el tratamiento.<br \/>\nSin embargo, al instante de ingresar all\u00ed los adictos se internaban en una verdadera pesadilla.<\/p>\n<p style=\"text-align: justify;\">\u201c<strong>Apen<\/strong><strong>as entraban les cortaban el pelo, recib\u00edan medicaci\u00f3n, maltrato f\u00edsico, psicol\u00f3gico, manipulaciones,<\/strong> y si ped\u00edan ver a alg\u00fan familiar los inyectaban, los ataban y los dejaban siete d\u00edas en un galp\u00f3n, hechos pis y caca, d\u00e1ndoles de comer sopa fr\u00eda con una salchicha\u201d, detall\u00f3 un familiar.<\/p>\n<p style=\"text-align: justify;\">El mi\u00e9rcoles pasado, \u201cdos personas lograron escapar y r\u00e1pidamente los familiares hicieron la\u00a0 denuncia en el Ministerio de Salud provincial, tras lo cual los peritos forenses comprobaron que efectivamente los pacientes de la quinta eran v\u00edctimas de maltrato f\u00edsico y psicol\u00f3gico\u201d, se\u00f1al\u00f3 Salum.<\/p>\n","protected":false},"excerpt":{"rendered":"<p>Unas 80 personas que estaban internadas en un centro de rehabilitaci\u00f3n de la localidad de Del Viso, en Pilar, fueron rescatadas ayer por la fuerza por familiares y amigos que destrozaron el lugar. Unas 80 personas que estaban internadas en un centro de rehabilitaci\u00f3n de la localidad de Del Viso, en Pilar, fueron rescatadas ayer&hellip;<\/p>\n","protected":false},"author":1,"featured_media":0,"comment_status":"open","ping_status":"open","sticky":false,"template":"","format":"standard","meta":{"footnotes":""},"categories":[6],"tags":[541,4350,22020,147,1411,30,13793,13794],"class_list":["post-29857","post","type-post","status-publish","format-standard","hentry","category-denuncias","tag-asaltantes","tag-del-viso","tag-denuncias","tag-familia","tag-pilar","tag-policia","tag-ritos","tag-satanicos"],"_links":{"self":[{"href":"https:\/\/www.elsindical.com.ar\/notas\/wp-json\/wp\/v2\/posts\/29857","targetHints":{"allow":["GET"]}}],"collection":[{"href":"https:\/\/www.elsindical.com.ar\/notas\/wp-json\/wp\/v2\/posts"}],"about":[{"href":"https:\/\/www.elsindical.com.ar\/notas\/wp-json\/wp\/v2\/types\/post"}],"author":[{"embeddable":true,"href":"https:\/\/www.elsindical.com.ar\/notas\/wp-json\/wp\/v2\/users\/1"}],"replies":[{"embeddable":true,"href":"https:\/\/www.elsindical.com.ar\/notas\/wp-json\/wp\/v2\/comments?post=29857"}],"version-history":[{"count":2,"href":"https:\/\/www.elsindical.com.ar\/notas\/wp-json\/wp\/v2\/posts\/29857\/revisions"}],"predecessor-version":[{"id":29860,"href":"https:\/\/www.elsindical.com.ar\/notas\/wp-json\/wp\/v2\/posts\/29857\/revisions\/29860"}],"wp:attachment":[{"href":"https:\/\/www.elsindical.com.ar\/notas\/wp-json\/wp\/v2\/media?parent=29857"}],"wp:term":[{"taxonomy":"category","embeddable":true,"href":"https:\/\/www.elsindical.com.ar\/notas\/wp-json\/wp\/v2\/categories?post=29857"},{"taxonomy":"post_tag","embeddable":true,"href":"https:\/\/www.elsindical.com.ar\/notas\/wp-json\/wp\/v2\/tags?post=29857"}],"curies":[{"name":"wp","href":"https:\/\/api.w.org\/{rel}","templated":true}]}}