{"id":29829,"date":"2012-11-22T14:19:00","date_gmt":"2012-11-22T17:19:00","guid":{"rendered":"http:\/\/www.elsindical.com.ar\/notas\/?p=29829"},"modified":"2012-11-22T14:19:00","modified_gmt":"2012-11-22T17:19:00","slug":"asamblea-y-batucada-por-despidos-en-el-servicio-nacional-de-rehabilitacion-snr","status":"publish","type":"post","link":"https:\/\/www.elsindical.com.ar\/notas\/asamblea-y-batucada-por-despidos-en-el-servicio-nacional-de-rehabilitacion-snr\/","title":{"rendered":"Asamblea y batucada por despidos en el Servicio Nacional de Rehabilitaci\u00f3n (SNR)"},"content":{"rendered":"<p style=\"text-align: justify;\"><em><a href=\"http:\/\/www.elsindical.com.ar\/notas\/var\/www\/html\/notas\/wp-content\/uploads\/2012\/11\/SERVICIO-NACIONAL-DE-REHABILITACI\u00d3N.jpg\"><img loading=\"lazy\" decoding=\"async\" class=\"alignleft size-medium wp-image-29830\" title=\"SERVICIO-NACIONAL-DE-REHABILITACI\u00d3N\" src=\"http:\/\/www.elsindical.com.ar\/notas\/var\/www\/html\/notas\/wp-content\/uploads\/2012\/11\/SERVICIO-NACIONAL-DE-REHABILITACI\u00d3N-300x209.jpg\" alt=\"\" width=\"300\" height=\"209\" srcset=\"https:\/\/www.elsindical.com.ar\/notas\/var\/www\/html\/notas\/wp-content\/uploads\/2012\/11\/SERVICIO-NACIONAL-DE-REHABILITACI\u00d3N-300x209.jpg 300w, https:\/\/www.elsindical.com.ar\/notas\/var\/www\/html\/notas\/wp-content\/uploads\/2012\/11\/SERVICIO-NACIONAL-DE-REHABILITACI\u00d3N-430x300.jpg 430w, https:\/\/www.elsindical.com.ar\/notas\/var\/www\/html\/notas\/wp-content\/uploads\/2012\/11\/SERVICIO-NACIONAL-DE-REHABILITACI\u00d3N.jpg 443w\" sizes=\"auto, (max-width: 300px) 100vw, 300px\" \/><\/a>Ante los injustificados despidos ATE, se moviliz\u00f3 y difundi\u00f3 un comunicado de prensa:<\/em><\/p>\n<p style=\"text-align: justify;\">En nombre y representaci\u00f3n de la Asociaci\u00f3n Trabajadores del Estado, Consejo Directivo Capital Federal, nos dirigimos a los medios de prensa y a la comunidad en general a fines de comunicar lo siguiente:<\/p>\n<p style=\"text-align: justify;\">Desde la Junta Interna de ATE del Ministerio de Salud de la Naci\u00f3n denunciamos el despidos de 3 compa\u00f1eros del Servicio Nacional de Rehabilitaci\u00f3n, afiliados a ATE, candidatos a integrar la Junta Interna y con designaci\u00f3n en Comisiones Paritarias.\u00a0 Esta acci\u00f3n constituye una manifiesta violaci\u00f3n al derecho de tutela sindical, conformando un evidente caso de Pr\u00e1ctica Desleal (Ley 23.551).<\/p>\n<p style=\"text-align: justify;\">Responsabilizamos al Dr. Adri\u00e1n Andreatta, Coordinador T\u00e9cnico, que con desconocimiento de las Leyes de las Asociaciones Sindicales, comete el atropello de despedir a trabajadores que ejercen su leg\u00edtimo derecho de realizar asambleas en su lugar de trabajo.<\/p>\n<p style=\"text-align: justify;\">Por la restituci\u00f3n de los tres compa\u00f1eros y por la libertad de elegir y ser elegidos: convocamos a la asamblea el jueves 22\/11 a las 12.00 hs\u00a0 en el servicio nacional de rehabilitaci\u00f3n, Ramsay 2250.<\/p>\n<p style=\"text-align: justify;\">\n<p style=\"text-align: justify;\">\n<p style=\"text-align: justify;\">Para mayor informaci\u00f3n:<\/p>\n<p style=\"text-align: justify;\">H\u00e9ctor Carrica, 153-213-4525<\/p>\n<p style=\"text-align: justify;\">Soledad Castagnola, 156-131-0946<\/p>\n","protected":false},"excerpt":{"rendered":"<p>Ante los injustificados despidos ATE, se moviliz\u00f3 y difundi\u00f3 un comunicado de prensa: En nombre y representaci\u00f3n de la Asociaci\u00f3n Trabajadores del Estado, Consejo Directivo Capital Federal, nos dirigimos a los medios de prensa y a la comunidad en general a fines de comunicar lo siguiente: Desde la Junta Interna de ATE del Ministerio de&hellip;<\/p>\n","protected":false},"author":1,"featured_media":0,"comment_status":"open","ping_status":"open","sticky":false,"template":"","format":"standard","meta":{"footnotes":""},"categories":[16],"tags":[13782,290,296,13781,13783,90],"class_list":["post-29829","post","type-post","status-publish","format-standard","hentry","category-gremiales","tag-asociaciones-sindicales","tag-ate","tag-capital-federal","tag-consejo-directivo","tag-dr-adrian-andretta","tag-prensa"],"_links":{"self":[{"href":"https:\/\/www.elsindical.com.ar\/notas\/wp-json\/wp\/v2\/posts\/29829","targetHints":{"allow":["GET"]}}],"collection":[{"href":"https:\/\/www.elsindical.com.ar\/notas\/wp-json\/wp\/v2\/posts"}],"about":[{"href":"https:\/\/www.elsindical.com.ar\/notas\/wp-json\/wp\/v2\/types\/post"}],"author":[{"embeddable":true,"href":"https:\/\/www.elsindical.com.ar\/notas\/wp-json\/wp\/v2\/users\/1"}],"replies":[{"embeddable":true,"href":"https:\/\/www.elsindical.com.ar\/notas\/wp-json\/wp\/v2\/comments?post=29829"}],"version-history":[{"count":1,"href":"https:\/\/www.elsindical.com.ar\/notas\/wp-json\/wp\/v2\/posts\/29829\/revisions"}],"predecessor-version":[{"id":29831,"href":"https:\/\/www.elsindical.com.ar\/notas\/wp-json\/wp\/v2\/posts\/29829\/revisions\/29831"}],"wp:attachment":[{"href":"https:\/\/www.elsindical.com.ar\/notas\/wp-json\/wp\/v2\/media?parent=29829"}],"wp:term":[{"taxonomy":"category","embeddable":true,"href":"https:\/\/www.elsindical.com.ar\/notas\/wp-json\/wp\/v2\/categories?post=29829"},{"taxonomy":"post_tag","embeddable":true,"href":"https:\/\/www.elsindical.com.ar\/notas\/wp-json\/wp\/v2\/tags?post=29829"}],"curies":[{"name":"wp","href":"https:\/\/api.w.org\/{rel}","templated":true}]}}