{"id":29816,"date":"2012-11-22T00:22:35","date_gmt":"2012-11-22T03:22:35","guid":{"rendered":"http:\/\/www.elsindical.com.ar\/notas\/?p=29816"},"modified":"2012-11-22T00:22:35","modified_gmt":"2012-11-22T03:22:35","slug":"neuquenprotesta-de-municipales-y-represion-policial","status":"publish","type":"post","link":"https:\/\/www.elsindical.com.ar\/notas\/neuquenprotesta-de-municipales-y-represion-policial\/","title":{"rendered":"Neuqu\u00e9n:Protesta de municipales y represi\u00f3n policial"},"content":{"rendered":"<p style=\"text-align: justify;\"><em><a href=\"http:\/\/www.elsindical.com.ar\/notas\/var\/www\/html\/notas\/wp-content\/uploads\/2012\/11\/trabajadore-reprimido-Neuqu\u00e9n.jpg\"><img loading=\"lazy\" decoding=\"async\" class=\"alignleft size-medium wp-image-29817\" title=\"trabajadore-reprimido-Neuqu\u00e9n\" src=\"http:\/\/www.elsindical.com.ar\/notas\/var\/www\/html\/notas\/wp-content\/uploads\/2012\/11\/trabajadore-reprimido-Neuqu\u00e9n-300x205.jpg\" alt=\"\" width=\"300\" height=\"205\" srcset=\"https:\/\/www.elsindical.com.ar\/notas\/var\/www\/html\/notas\/wp-content\/uploads\/2012\/11\/trabajadore-reprimido-Neuqu\u00e9n-300x205.jpg 300w, https:\/\/www.elsindical.com.ar\/notas\/var\/www\/html\/notas\/wp-content\/uploads\/2012\/11\/trabajadore-reprimido-Neuqu\u00e9n-437x300.jpg 437w, https:\/\/www.elsindical.com.ar\/notas\/var\/www\/html\/notas\/wp-content\/uploads\/2012\/11\/trabajadore-reprimido-Neuqu\u00e9n.jpg 443w\" sizes=\"auto, (max-width: 300px) 100vw, 300px\" \/><\/a>Hubo heridos en el reclamo salarial de estatales.<\/em><\/p>\n<p style=\"text-align: justify;\">Fuertes hechos de violencia con <strong>represi\u00f3n policial se vivieron esta\u00a0 ma\u00f1ana frente a la Casa de Gobierno de la provincia de Neuqu\u00e9n <\/strong>durante\u00a0 una protesta de Trabajadores del Ente Provincial de Agua y Saneamiento (<em>EPAS<\/em>) en demanda de una recomposici\u00f3n salarial.<br \/>\nTodo\u00a0 comenz\u00f3 a las 10:30 cuando personal de la <strong>Polic\u00eda Metropolitana<\/strong> a cargo\u00a0 de Ra\u00fal Palacios avanz\u00f3 sobre la calle Santiago del Estero hacia\u00a0 Belgrano en compa\u00f1\u00eda de<strong> una autobomba para apagar las cubiertas\u00a0 encendidas<\/strong> en esa esquina por los manifestantes, seg\u00fan inform\u00f3 <em>La Ma\u00f1ana.<\/em><\/p>\n<p style=\"text-align: justify;\">Los\u00a0 efectivos lanzaron gases lacrim\u00f3genos y proyectiles anti-tumultos y los\u00a0 trabajadores respondieron tir\u00e1ndoles con baldosas y piedras. El\u00a0 ministro de Seguridad, Gabriel Gastaminza, defendi\u00f3 el accionar judicial\u00a0 e indic\u00f3 que fue la polic\u00eda la que respondi\u00f3 a la \u201clluvia de baldosas y\u00a0 piedras\u201d y que <strong>la actitud de la polic\u00eda fue la de \u201cutilizar la menor\u00a0 violencia posible\u201d <\/strong>para disuadir la protesta.<\/p>\n<p style=\"text-align: justify;\">Varias personas, tanto trabajadores como bomberos, resultaron con <strong>heridas de diversa consideraci\u00f3n.<\/strong><\/p>\n","protected":false},"excerpt":{"rendered":"<p>Hubo heridos en el reclamo salarial de estatales. Fuertes hechos de violencia con represi\u00f3n policial se vivieron esta\u00a0 ma\u00f1ana frente a la Casa de Gobierno de la provincia de Neuqu\u00e9n durante\u00a0 una protesta de Trabajadores del Ente Provincial de Agua y Saneamiento (EPAS) en demanda de una recomposici\u00f3n salarial. Todo\u00a0 comenz\u00f3 a las 10:30 cuando&hellip;<\/p>\n","protected":false},"author":1,"featured_media":0,"comment_status":"open","ping_status":"open","sticky":false,"template":"","format":"standard","meta":{"footnotes":""},"categories":[16],"tags":[5683,13771,586,1326,118,292,13772,353,803,318],"class_list":["post-29816","post","type-post","status-publish","format-standard","hentry","category-gremiales","tag-casa-de-gobierno","tag-epas","tag-estatales","tag-neuquen","tag-policias","tag-protesta","tag-raul-palacios","tag-represion","tag-salarios","tag-violencia"],"_links":{"self":[{"href":"https:\/\/www.elsindical.com.ar\/notas\/wp-json\/wp\/v2\/posts\/29816","targetHints":{"allow":["GET"]}}],"collection":[{"href":"https:\/\/www.elsindical.com.ar\/notas\/wp-json\/wp\/v2\/posts"}],"about":[{"href":"https:\/\/www.elsindical.com.ar\/notas\/wp-json\/wp\/v2\/types\/post"}],"author":[{"embeddable":true,"href":"https:\/\/www.elsindical.com.ar\/notas\/wp-json\/wp\/v2\/users\/1"}],"replies":[{"embeddable":true,"href":"https:\/\/www.elsindical.com.ar\/notas\/wp-json\/wp\/v2\/comments?post=29816"}],"version-history":[{"count":1,"href":"https:\/\/www.elsindical.com.ar\/notas\/wp-json\/wp\/v2\/posts\/29816\/revisions"}],"predecessor-version":[{"id":29818,"href":"https:\/\/www.elsindical.com.ar\/notas\/wp-json\/wp\/v2\/posts\/29816\/revisions\/29818"}],"wp:attachment":[{"href":"https:\/\/www.elsindical.com.ar\/notas\/wp-json\/wp\/v2\/media?parent=29816"}],"wp:term":[{"taxonomy":"category","embeddable":true,"href":"https:\/\/www.elsindical.com.ar\/notas\/wp-json\/wp\/v2\/categories?post=29816"},{"taxonomy":"post_tag","embeddable":true,"href":"https:\/\/www.elsindical.com.ar\/notas\/wp-json\/wp\/v2\/tags?post=29816"}],"curies":[{"name":"wp","href":"https:\/\/api.w.org\/{rel}","templated":true}]}}