{"id":29808,"date":"2012-11-21T22:07:43","date_gmt":"2012-11-22T01:07:43","guid":{"rendered":"http:\/\/www.elsindical.com.ar\/notas\/?p=29808"},"modified":"2012-11-21T22:07:43","modified_gmt":"2012-11-22T01:07:43","slug":"santa-feordenan-al-estado-a-pagar-3-millones-de-pesos-a-un-preso-maltratado","status":"publish","type":"post","link":"https:\/\/www.elsindical.com.ar\/notas\/santa-feordenan-al-estado-a-pagar-3-millones-de-pesos-a-un-preso-maltratado\/","title":{"rendered":"Santa Fe:Ordenan al Estado a pagar 3 millones de pesos a un preso maltratado"},"content":{"rendered":"<p style=\"text-align: justify;\"><em><a href=\"http:\/\/www.elsindical.com.ar\/notas\/var\/www\/html\/notas\/wp-content\/uploads\/2012\/11\/Unidad-Penal-III-de-Rosario.jpg\"><img loading=\"lazy\" decoding=\"async\" class=\"alignleft size-medium wp-image-29809\" title=\"Unidad-Penal-III-de-Rosario\" src=\"http:\/\/www.elsindical.com.ar\/notas\/var\/www\/html\/notas\/wp-content\/uploads\/2012\/11\/Unidad-Penal-III-de-Rosario-300x273.jpg\" alt=\"\" width=\"300\" height=\"273\" srcset=\"https:\/\/www.elsindical.com.ar\/notas\/var\/www\/html\/notas\/wp-content\/uploads\/2012\/11\/Unidad-Penal-III-de-Rosario-300x273.jpg 300w, https:\/\/www.elsindical.com.ar\/notas\/var\/www\/html\/notas\/wp-content\/uploads\/2012\/11\/Unidad-Penal-III-de-Rosario-328x300.jpg 328w, https:\/\/www.elsindical.com.ar\/notas\/var\/www\/html\/notas\/wp-content\/uploads\/2012\/11\/Unidad-Penal-III-de-Rosario.jpg 413w\" sizes=\"auto, (max-width: 300px) 100vw, 300px\" \/><\/a>La\u00a0 Justicia de Santa Fe dijo que el recluso \u00abestaba\u00a0\u00a0 bajo su custodia\u00bb y\u00a0\u00a0 que deb\u00eda \u00abproteger\u00a0\u00a0 su salud y su vida\u00bb. Lo apu\u00f1alaron durante una\u00a0 pelea en la c\u00e1rcel.<\/em><\/p>\n<p style=\"text-align: justify;\">La Justicia de Rosario conden\u00f3 al gobierno de la provincia de Santa Fe a\u00a0\u00a0 pagar una indemnizaci\u00f3n superior a los 3.000.000 de pesos a un joven que,\u00a0\u00a0 cuando estaba detenido en una c\u00e1rcel, sufri\u00f3 serias heridas al ser atacado\u00a0\u00a0 por otros reclusos que lo dejaron con una severa incapacidad f\u00edsica.<\/p>\n<p style=\"text-align: justify;\">Los jueces del Tribunal Colegiado de Responsabilidad Extracontractual N\u00b06 de Rosario\u00a0\u00a0 advirti\u00f3 que al momento de ser atacado \u00abel detenido se encontraba bajo\u00a0\u00a0 custodia del Estado provincial\u00bb, por lo tanto deb\u00eda \u00abasumir la\u00a0\u00a0 obligaci\u00f3n de asegurar la integridad psicof\u00edsica de quien est\u00e1 privado de la\u00a0\u00a0 libertad, y proteger su salud y su vida\u00bb.<\/p>\n<p style=\"text-align: justify;\">\u00abEl Estado no supo o no pudo proveer a la seguridad del preso y si no\u00a0\u00a0 puede garantizar la vida de los presos de nada sirven las pol\u00edticas\u00a0\u00a0 preventivas del delito, ni menos aun las que persiguen la reinserci\u00f3n social\u00a0\u00a0 de los detenidos\u00bb, destacaron los magistrados Horacio Allende Rubino,\u00a0\u00a0 M\u00f3nica Klebcar y N\u00e9stor Garc\u00eda.<\/p>\n<p style=\"text-align: justify;\">En la demanda, la defensa sostuvo que el ex convicto qued\u00f3 con una\u00a0\u00a0 discapacidad tal que podr\u00e1 acceder a una tarea laboral, ni a una actividad\u00a0\u00a0 social o deportiva.<\/p>\n<p style=\"text-align: justify;\">La agresi\u00f3n ocurri\u00f3 el 24 de mayo de 2007 en la Unidad Penal III de Rosario,\u00a0\u00a0 cuando la v\u00edctima fue herida en el t\u00f3rax con un cuchillo casero durante una\u00a0\u00a0 pelea.<\/p>\n<p style=\"text-align: justify;\">Esto le produjo una seria lesi\u00f3n en el \u00e1rea card\u00edaca ventricular por lo que\u00a0\u00a0 qued\u00f3 con una invalidez que le impide desarrollar una vida normal y tiene que\u00a0\u00a0 ser permanentemente asistido por su familia.<\/p>\n<p style=\"text-align: justify;\">Fuente: DyN.<\/p>\n","protected":false},"excerpt":{"rendered":"<p>La\u00a0 Justicia de Santa Fe dijo que el recluso \u00abestaba\u00a0\u00a0 bajo su custodia\u00bb y\u00a0\u00a0 que deb\u00eda \u00abproteger\u00a0\u00a0 su salud y su vida\u00bb. Lo apu\u00f1alaron durante una\u00a0 pelea en la c\u00e1rcel. La Justicia de Rosario conden\u00f3 al gobierno de la provincia de Santa Fe a\u00a0\u00a0 pagar una indemnizaci\u00f3n superior a los 3.000.000 de pesos a un&hellip;<\/p>\n","protected":false},"author":1,"featured_media":0,"comment_status":"open","ping_status":"open","sticky":false,"template":"","format":"standard","meta":{"footnotes":""},"categories":[20],"tags":[13769,304,380,1469,13770,11002,2208,609],"class_list":["post-29808","post","type-post","status-publish","format-standard","hentry","category-judiciales","tag-apunalaron","tag-ataque","tag-carcel","tag-custodia","tag-incapacidad","tag-reclusos","tag-rosario","tag-santa-fe"],"_links":{"self":[{"href":"https:\/\/www.elsindical.com.ar\/notas\/wp-json\/wp\/v2\/posts\/29808","targetHints":{"allow":["GET"]}}],"collection":[{"href":"https:\/\/www.elsindical.com.ar\/notas\/wp-json\/wp\/v2\/posts"}],"about":[{"href":"https:\/\/www.elsindical.com.ar\/notas\/wp-json\/wp\/v2\/types\/post"}],"author":[{"embeddable":true,"href":"https:\/\/www.elsindical.com.ar\/notas\/wp-json\/wp\/v2\/users\/1"}],"replies":[{"embeddable":true,"href":"https:\/\/www.elsindical.com.ar\/notas\/wp-json\/wp\/v2\/comments?post=29808"}],"version-history":[{"count":2,"href":"https:\/\/www.elsindical.com.ar\/notas\/wp-json\/wp\/v2\/posts\/29808\/revisions"}],"predecessor-version":[{"id":29811,"href":"https:\/\/www.elsindical.com.ar\/notas\/wp-json\/wp\/v2\/posts\/29808\/revisions\/29811"}],"wp:attachment":[{"href":"https:\/\/www.elsindical.com.ar\/notas\/wp-json\/wp\/v2\/media?parent=29808"}],"wp:term":[{"taxonomy":"category","embeddable":true,"href":"https:\/\/www.elsindical.com.ar\/notas\/wp-json\/wp\/v2\/categories?post=29808"},{"taxonomy":"post_tag","embeddable":true,"href":"https:\/\/www.elsindical.com.ar\/notas\/wp-json\/wp\/v2\/tags?post=29808"}],"curies":[{"name":"wp","href":"https:\/\/api.w.org\/{rel}","templated":true}]}}