{"id":29806,"date":"2012-11-21T19:19:34","date_gmt":"2012-11-21T22:19:34","guid":{"rendered":"http:\/\/www.elsindical.com.ar\/notas\/?p=29806"},"modified":"2012-11-21T19:19:34","modified_gmt":"2012-11-21T22:19:34","slug":"liberaron-al-barra-de-independiente-richard-el-gordo-pavone","status":"publish","type":"post","link":"https:\/\/www.elsindical.com.ar\/notas\/liberaron-al-barra-de-independiente-richard-el-gordo-pavone\/","title":{"rendered":"Liberaron al barra de Independiente Richard \u00abEl Gordo\u00bb Pavone"},"content":{"rendered":"<p style=\"text-align: justify;\"><em><a href=\"http:\/\/www.elsindical.com.ar\/notas\/var\/www\/html\/notas\/wp-content\/uploads\/2012\/11\/Richard-Pavone.jpg\"><img loading=\"lazy\" decoding=\"async\" class=\"alignleft size-medium wp-image-29634\" title=\"Richard-Pavone\" src=\"http:\/\/www.elsindical.com.ar\/notas\/var\/www\/html\/notas\/wp-content\/uploads\/2012\/11\/Richard-Pavone-300x225.jpg\" alt=\"\" width=\"300\" height=\"225\" srcset=\"https:\/\/www.elsindical.com.ar\/notas\/var\/www\/html\/notas\/wp-content\/uploads\/2012\/11\/Richard-Pavone-300x225.jpg 300w, https:\/\/www.elsindical.com.ar\/notas\/var\/www\/html\/notas\/wp-content\/uploads\/2012\/11\/Richard-Pavone-399x300.jpg 399w, https:\/\/www.elsindical.com.ar\/notas\/var\/www\/html\/notas\/wp-content\/uploads\/2012\/11\/Richard-Pavone.jpg 413w\" sizes=\"auto, (max-width: 300px) 100vw, 300px\" \/><\/a>Estaba detenido por los incidentes que derivaron en la suspensi\u00f3n del partido del \u00abRojo\u00bb con Belgrano, en Avellaneda. Qued\u00f3 en libertad porque <strong>los delitos que se le imputan son excarcelables<\/strong>.<\/em><\/p>\n<div style=\"text-align: justify;\">\n<p><strong>Richard \u00abEl Gordo\u00bb Pavone qued\u00f3 en libertad<\/strong> luego de los incidentes que ocurrieron en el partido que jugaron Independiente y Belgrano. El barrabrava del \u201cRojo\u201d y jefe de la barra de San Telmo <strong>hab\u00eda sido detenido por estar relacionado con los disturbios producidos con las bombas de estruendo.<\/strong><\/p>\n<p>Pavone hab\u00eda sido identificado en los videos de las c\u00e1maras de seguridad del estadio. Se lo ve al lado de los chicos que tiraron las bombas de estruendo y lograron parar el partido en el Libertadores de Am\u00e9rica.<\/p>\n<p><strong>\u201cUn barrabrava te puede arruinar el espect\u00e1culo\u201d<\/strong>, hab\u00eda sentenciado Richard en un documental que realiz\u00f3 la televisi\u00f3n espa\u00f1ola sobre los barras hace poco tiempo. <strong>\u201cVa un guacho, te tira una bomba de estruendo en el medio de la cancha, te suspenden la cancha y el dirigente va a p\u00e9rdida\u201d<\/strong>, fue la idea que luego se cumpli\u00f3 en Avellaneda.<\/p>\n<p><strong>\u00abTenemos filmados a los que arrojaron las bombas. Vamos a ir por ellos\u00bb<\/strong>, hab\u00eda asegurado Cantero, quien tambi\u00e9n se mostr\u00f3 satisfecho por el respaldo del gobierno nacional para enfrentar a los barras en Independiente.<\/p>\n<p>La pronta libertad de este barra, demuestra una vez m\u00e1s que la justicia no es igual ni mide a todos desde el concepto de igualdad del Art.16 de la Constituci\u00f3n Nacional, ya que al momento de su detenci\u00f3n, se le secuestr\u00f3 un arma de fuego y una tiza de coca\u00edna, abundan los casos de detenidos por la misma cantidad de droga que llevan meses y hasta a\u00f1os esperando un juicio oral o que se les resuelva la excarcelaci\u00f3n. Entonces nadie puede decir que se est\u00e1 trabajando para erradicar a los violentos y el delito con estas medidas.<\/p>\n<\/div>\n","protected":false},"excerpt":{"rendered":"<p>Estaba detenido por los incidentes que derivaron en la suspensi\u00f3n del partido del \u00abRojo\u00bb con Belgrano, en Avellaneda. Qued\u00f3 en libertad porque los delitos que se le imputan son excarcelables. Richard \u00abEl Gordo\u00bb Pavone qued\u00f3 en libertad luego de los incidentes que ocurrieron en el partido que jugaron Independiente y Belgrano. El barrabrava del \u201cRojo\u201d&hellip;<\/p>\n","protected":false},"author":1,"featured_media":0,"comment_status":"open","ping_status":"open","sticky":false,"template":"","format":"standard","meta":{"footnotes":""},"categories":[20],"tags":[3391,91,4449,1684,13669,1677],"class_list":["post-29806","post","type-post","status-publish","format-standard","hentry","category-judiciales","tag-barrabrava","tag-detenido","tag-independiente","tag-libertad","tag-richard-el-gordo-pavone","tag-san-telmo"],"_links":{"self":[{"href":"https:\/\/www.elsindical.com.ar\/notas\/wp-json\/wp\/v2\/posts\/29806","targetHints":{"allow":["GET"]}}],"collection":[{"href":"https:\/\/www.elsindical.com.ar\/notas\/wp-json\/wp\/v2\/posts"}],"about":[{"href":"https:\/\/www.elsindical.com.ar\/notas\/wp-json\/wp\/v2\/types\/post"}],"author":[{"embeddable":true,"href":"https:\/\/www.elsindical.com.ar\/notas\/wp-json\/wp\/v2\/users\/1"}],"replies":[{"embeddable":true,"href":"https:\/\/www.elsindical.com.ar\/notas\/wp-json\/wp\/v2\/comments?post=29806"}],"version-history":[{"count":1,"href":"https:\/\/www.elsindical.com.ar\/notas\/wp-json\/wp\/v2\/posts\/29806\/revisions"}],"predecessor-version":[{"id":29807,"href":"https:\/\/www.elsindical.com.ar\/notas\/wp-json\/wp\/v2\/posts\/29806\/revisions\/29807"}],"wp:attachment":[{"href":"https:\/\/www.elsindical.com.ar\/notas\/wp-json\/wp\/v2\/media?parent=29806"}],"wp:term":[{"taxonomy":"category","embeddable":true,"href":"https:\/\/www.elsindical.com.ar\/notas\/wp-json\/wp\/v2\/categories?post=29806"},{"taxonomy":"post_tag","embeddable":true,"href":"https:\/\/www.elsindical.com.ar\/notas\/wp-json\/wp\/v2\/tags?post=29806"}],"curies":[{"name":"wp","href":"https:\/\/api.w.org\/{rel}","templated":true}]}}