{"id":29803,"date":"2012-11-21T16:12:26","date_gmt":"2012-11-21T19:12:26","guid":{"rendered":"http:\/\/www.elsindical.com.ar\/notas\/?p=29803"},"modified":"2012-11-21T16:12:26","modified_gmt":"2012-11-21T19:12:26","slug":"la-anses-apunto-contra-telefonica-por-haberle-vendido-netbooks-falladas","status":"publish","type":"post","link":"https:\/\/www.elsindical.com.ar\/notas\/la-anses-apunto-contra-telefonica-por-haberle-vendido-netbooks-falladas\/","title":{"rendered":"La Anses apunt\u00f3 contra Telef\u00f3nica por haberle vendido netbooks falladas"},"content":{"rendered":"<p style=\"text-align: justify;\"><em><a href=\"http:\/\/www.elsindical.com.ar\/notas\/var\/www\/html\/notas\/wp-content\/uploads\/2012\/11\/programa-Conectar-Igualdad.jpg\"><img loading=\"lazy\" decoding=\"async\" class=\"alignleft size-medium wp-image-29804\" title=\"programa-Conectar-Igualdad\" src=\"http:\/\/www.elsindical.com.ar\/notas\/var\/www\/html\/notas\/wp-content\/uploads\/2012\/11\/programa-Conectar-Igualdad-300x224.jpg\" alt=\"\" width=\"300\" height=\"224\" srcset=\"https:\/\/www.elsindical.com.ar\/notas\/var\/www\/html\/notas\/wp-content\/uploads\/2012\/11\/programa-Conectar-Igualdad-300x224.jpg 300w, https:\/\/www.elsindical.com.ar\/notas\/var\/www\/html\/notas\/wp-content\/uploads\/2012\/11\/programa-Conectar-Igualdad-400x300.jpg 400w, https:\/\/www.elsindical.com.ar\/notas\/var\/www\/html\/notas\/wp-content\/uploads\/2012\/11\/programa-Conectar-Igualdad.jpg 443w\" sizes=\"auto, (max-width: 300px) 100vw, 300px\" \/><\/a>La entidad denunci\u00f3 que la empresa se niega a prestar servicio t\u00e9cnico a unos <strong>14 mil equipos<\/strong> en garant\u00eda del programa <strong>Conectar Igualdad<\/strong>. Avanzan para cobrarle la garant\u00eda de <strong>diez millones de d\u00f3lares<\/strong>.<\/em><\/p>\n<p style=\"text-align: justify;\">La Administraci\u00f3n Nacional de la Seguridad Social (<strong>Anses<\/strong>) apunt\u00f3 contra la compa\u00f1\u00eda <strong>Telef\u00f3nica<\/strong> por incumplir el contrato firmado con el gobierno nacional para la prestaci\u00f3n de servicios al programa <strong>Conectar Igualdad<\/strong>.<\/p>\n<p style=\"text-align: justify;\">Seg\u00fan consigna <em>El Cronista Comercial<\/em>, la empresa de telefon\u00eda se neg\u00f3 a prestar servicio t\u00e9cnico a unas 14 mil netbooks que en el \u00faltimo tiempo sufrieron problemas con sus pantallas. De acuerdo con el contrato firmado con el programa <strong>Conectar Igualdad<\/strong>, Telef\u00f3nica M\u00f3viles de Argentina S.A. vendi\u00f3 unos 350.000 equipos al Estado, para los cuales se comprometi\u00f3 a prestar reparaciones.<\/p>\n<p style=\"text-align: justify;\">Sin embargo, seg\u00fan denunciaron desde la Anses, la compa\u00f1\u00eda <strong>no dio una respuesta satisfactoria para las 14.267 m\u00e1quinas que sufrieron problemas<\/strong> con sus pantallas.<\/p>\n<p style=\"text-align: justify;\">Ante esta situaci\u00f3n, el organismo decidi\u00f3 presentar una demanda contra Telef\u00f3nica y ya advirti\u00f3 que<strong> intentar\u00e1 cobrar el fondo de garant\u00eda de cumplimiento de diez millones de d\u00f3lares<\/strong> establecida por el contrato en caso de incumplimiento.<\/p>\n","protected":false},"excerpt":{"rendered":"<p>La entidad denunci\u00f3 que la empresa se niega a prestar servicio t\u00e9cnico a unos 14 mil equipos en garant\u00eda del programa Conectar Igualdad. Avanzan para cobrarle la garant\u00eda de diez millones de d\u00f3lares. La Administraci\u00f3n Nacional de la Seguridad Social (Anses) apunt\u00f3 contra la compa\u00f1\u00eda Telef\u00f3nica por incumplir el contrato firmado con el gobierno nacional&hellip;<\/p>\n","protected":false},"author":1,"featured_media":0,"comment_status":"open","ping_status":"open","sticky":false,"template":"","format":"standard","meta":{"footnotes":""},"categories":[6],"tags":[80,10813,13768,6762,12625,1318],"class_list":["post-29803","post","type-post","status-publish","format-standard","hentry","category-denuncias","tag-anses","tag-conectar-igualdad","tag-garantia","tag-millones-de-dolares","tag-servicio-tecnico","tag-telefonica"],"_links":{"self":[{"href":"https:\/\/www.elsindical.com.ar\/notas\/wp-json\/wp\/v2\/posts\/29803","targetHints":{"allow":["GET"]}}],"collection":[{"href":"https:\/\/www.elsindical.com.ar\/notas\/wp-json\/wp\/v2\/posts"}],"about":[{"href":"https:\/\/www.elsindical.com.ar\/notas\/wp-json\/wp\/v2\/types\/post"}],"author":[{"embeddable":true,"href":"https:\/\/www.elsindical.com.ar\/notas\/wp-json\/wp\/v2\/users\/1"}],"replies":[{"embeddable":true,"href":"https:\/\/www.elsindical.com.ar\/notas\/wp-json\/wp\/v2\/comments?post=29803"}],"version-history":[{"count":1,"href":"https:\/\/www.elsindical.com.ar\/notas\/wp-json\/wp\/v2\/posts\/29803\/revisions"}],"predecessor-version":[{"id":29805,"href":"https:\/\/www.elsindical.com.ar\/notas\/wp-json\/wp\/v2\/posts\/29803\/revisions\/29805"}],"wp:attachment":[{"href":"https:\/\/www.elsindical.com.ar\/notas\/wp-json\/wp\/v2\/media?parent=29803"}],"wp:term":[{"taxonomy":"category","embeddable":true,"href":"https:\/\/www.elsindical.com.ar\/notas\/wp-json\/wp\/v2\/categories?post=29803"},{"taxonomy":"post_tag","embeddable":true,"href":"https:\/\/www.elsindical.com.ar\/notas\/wp-json\/wp\/v2\/tags?post=29803"}],"curies":[{"name":"wp","href":"https:\/\/api.w.org\/{rel}","templated":true}]}}