{"id":29801,"date":"2012-11-21T15:33:46","date_gmt":"2012-11-21T18:33:46","guid":{"rendered":"http:\/\/www.elsindical.com.ar\/notas\/?p=29801"},"modified":"2012-11-21T15:33:46","modified_gmt":"2012-11-21T18:33:46","slug":"quilmespiden-investigar-al-juez-federal-armella-por-la-causa-del-saneamiento-del-riachuelo","status":"publish","type":"post","link":"https:\/\/www.elsindical.com.ar\/notas\/quilmespiden-investigar-al-juez-federal-armella-por-la-causa-del-saneamiento-del-riachuelo\/","title":{"rendered":"Quilmes:Piden investigar al Juez federal Armella por la causa del saneamiento del Riachuelo"},"content":{"rendered":"<p style=\"text-align: justify;\"><em><a href=\"http:\/\/www.elsindical.com.ar\/notas\/var\/www\/html\/notas\/wp-content\/uploads\/2012\/11\/Juez-federal-Luis-Armella.jpg\"><img loading=\"lazy\" decoding=\"async\" class=\"alignleft size-medium wp-image-29252\" title=\"Juez-federal-Luis-Armella\" src=\"http:\/\/www.elsindical.com.ar\/notas\/var\/www\/html\/notas\/wp-content\/uploads\/2012\/11\/Juez-federal-Luis-Armella-300x205.jpg\" alt=\"\" width=\"300\" height=\"205\" srcset=\"https:\/\/www.elsindical.com.ar\/notas\/var\/www\/html\/notas\/wp-content\/uploads\/2012\/11\/Juez-federal-Luis-Armella-300x205.jpg 300w, https:\/\/www.elsindical.com.ar\/notas\/var\/www\/html\/notas\/wp-content\/uploads\/2012\/11\/Juez-federal-Luis-Armella-437x300.jpg 437w, https:\/\/www.elsindical.com.ar\/notas\/var\/www\/html\/notas\/wp-content\/uploads\/2012\/11\/Juez-federal-Luis-Armella.jpg 502w\" sizes=\"auto, (max-width: 300px) 100vw, 300px\" \/><\/a>El requerimiento lo realiz\u00f3 la fiscal\u00eda federal de Quilmes, a cargo de <strong>Silvia Cavallo<\/strong>. La funcionaria judicial cree que hubo <strong>irregularidades en las contrataciones<\/strong> que se hicieron en el marco de la causa por el saneamiento de la cuenca. El magistrado fue apartado por la Corte.<\/em><\/p>\n<div style=\"text-align: justify;\">\n<p>La Fiscal federal de Quilmes <strong>Silvia Cavallo<\/strong> requiri\u00f3 abrir la investigaci\u00f3n por las supuestas irregularidades en las contrataciones que se realizaron en el marco de <strong>la causa Riachuelo<\/strong>, en la que est\u00e1 imputado el Juez <strong>Luis Armella<\/strong>, que recientemente fue separado del caso por la Corte Suprema de Justicia.<\/p>\n<p>Fuentes judiciales confirmaron que la Fiscal requiri\u00f3 abrir la investigaci\u00f3n y pidi\u00f3 una bater\u00eda de medidas para impulsar la denuncia que hizo formalmente el Fiscal general ante la C\u00e1mara de Apelaciones de La Plata <strong>Julio Piaggio.<\/strong><\/p>\n<p>\u00abEn particular, la presente investigaci\u00f3n se centrar\u00e1 en establecer las conductas que se habr\u00edan llevado a cabo en el marco del cumplimiento de la sentencia definitiva dictada el 8 de julio de 2008 por la Corte Suprema de Justicia de la Naci\u00f3n (causa \u201cMendoza, Beatriz Silvia y otros c\/Estado Nacional y otros s\/da\u00f1os y perjuicios-da\u00f1os derivados de la contaminaci\u00f3n ambiental del r\u00edo Matanza Riachuelo\u201d), como as\u00ed tambi\u00e9n en identificar a la totalidad de las personas que pudieron haber intervenido y\/o participado en calidad de autor\u00eda y\/o participaci\u00f3n, ya sean funcionarios, empleados, integrantes de sociedades y\/o terceros, y que, actuando con motivo o en ocasi\u00f3n de su cargo y en el \u00e1mbito de su competencia, se encuentren involucrados en las contrataciones realizadas por Aguas y Saneamientos Argentinos (AySA) y la Coordinaci\u00f3n Ecol\u00f3gica \u00c1rea Metropolitana Sociedad del estado (CEAMSE) en cumplimiento del plan integral de saneamiento de la cuenca Matanza-Riachuelo y en el marco de los Convenios celebrados con la Autoridad de Cuenca Matanza Riachuelo (ACUMAR)\u00bb, dice el dictamen.<\/p>\n<p>Diligencias ordenadas por la fiscal\u00eda: 1) Se requiera a la Auditor\u00eda General de la Naci\u00f3n que remita la totalidad de la documentaci\u00f3n de respaldo que cuente en su poder y que le fuera aportada al equipo de auditor\u00eda, con la cual efectuara el Relevamiento Especial en Relaci\u00f3n a Contrataciones Incluidas en el Plan Integral de Saneamiento Ambiental \u2013P.I.S.A.\u2013\u201d que fuera presentado a requerimiento de la CSJN.<\/p>\n<p>2) Se obtenga toda la normativa referida al R\u00e9gimen de Compras y Contrataciones de la ACUMAR (Decreto 1023\/2001 y modif. Ley 26.168; su Reglamento de Procedimiento para la Contrataci\u00f3n de Bienes, Obras y Servicios (Resoluci\u00f3n 248\/2010). Se requiera el aporte de copias del Convenio Marco entre dicho \u00f3rgano y la empresa AySA para la implementaci\u00f3n del P.I.S.A., los Protocolos n\u00b0 1 y 2 de dicho Convenio,<\/p>\n<p>3) Se obtenga el Manual de Compras y Contrataciones de la CEAMSE (RD n\u00b0 870) de fecha 2 de febrero de 2012. Se obtenga el Manual de Procedimientos de Gesti\u00f3n de Obras, Bienes y Servicios de AySA (aprobado por Res. de Directorio del 27 de septiembre de 2007 y sus modificatorias).<\/p>\n<p>4) Se requiera a los titulares de la ACUMAR y de las empresas AySA y la CEAMSE que aporten sus reglamentos de organizaci\u00f3n interna, la composici\u00f3n de dichos \u00f3rganos, sus atribuciones y funciones y los datos de sus integrantes.<\/p>\n<p>5) En el caso de no encontrarse dentro de la documentaci\u00f3n solicitada en el punto 1), se requiera puntualmente a los presidentes de las empresas AySA y CEAMSE que aporten de la totalidad de la documentaci\u00f3n y expedientes vinculados con las contrataciones directas y con las obras concretadas por concurso privado de precios efectuadas con la Compa\u00f1\u00eda Constructora M&amp;T S.A., que fueran referidos el los puntos B.1 y B.2.<\/p>\n<p>6) Se requiera al titular de la Facultad Regional Avellaneda de la Universidad Tecnol\u00f3gica Nacional que aporte la totalidad de la documentaci\u00f3n relacionada con la contrataci\u00f3n de la firma Kartonsec S.A.<\/p>\n<p>7) Se requiera al titular del Registro Nacional de la Propiedad Automotor que informe la totalidad de los veh\u00edculos de maquinaria vial que estuvieran o actualmente se encuentren registrados a nombre de las firmas \u201cSan Mart\u00edn 264 Bernal S.A.\u201d, \u201cGildin S.A.\u201d, \u201cTierras Provinciales S.A.\u201d, \u201cVial Rogo Constructora S.A.\u201d, \u201cCompa\u00f1\u00eda Constructora M&amp;T S.A.\u201d y \u201cKartonsec S.A.\u201d as\u00ed como tambi\u00e9n de todos sus integrantes, directores, socios, directores y accionistas.<\/p>\n<p>8) De no haber sido remitido por la Auditor\u00eda General de la Naci\u00f3n, deber\u00e1 requerirse a la Inspecci\u00f3n General de Justicia as\u00ed como a la Direcci\u00f3n Provincial de Personas Jur\u00eddicas de la provincia de Buenos Aires, que aporten toda la documentaci\u00f3n referida a las firmas \u201cSan Mart\u00edn 264 Bernal S.A.\u201d, \u201cGildin S.A.\u201d, \u201cTierras Provinciales S.A.\u201d, \u201cVial Rogo Constructora S.A.\u201d, \u201cCompa\u00f1\u00eda Constructora M&amp;T S.A.\u201d y \u201cKartonsec S.A.\u201d.<\/p>\n<p>9) Se requiera al titular de Aguas y Saneamientos Argentinos S.A. que informe: &#8211; Si en funci\u00f3n del Convenio Marco entre la ACUMAR y AySA para la implementaci\u00f3n del proyecto Limpieza de M\u00e1rgenes como parte del P.I.S.A. y sus Protocolos, se implementaron contrataciones con otras empresas bajo las mismas modalidades que las concretadas con Compa\u00f1\u00eda Constructora M&amp;T S.A.<\/p>\n<p>&#8211; Si con anterioridad a la contrataci\u00f3n directa por el servicio de alquiler de maquinaria vial realizada con la Compa\u00f1\u00eda Constructora M&amp;T S.A. (\u00f3rdenes de compra n\u00b0 17.621, 20.806, 20.844 y 23.116), dicho organismo hab\u00eda celebrado con esta \u00faltima firma alguna otra clase de contrataci\u00f3n, suministro de bienes o servicios como as\u00ed tambi\u00e9n si se les hab\u00eda adjudicado la ejecuci\u00f3n de alguna obra.<\/p>\n<p>10) Se requiera al titular de la CEAMSE que informe si en funci\u00f3n del Convenio Marco entre la ACUMAR y CEAMSE \u201cProyecto de limpieza de m\u00e1rgenes \u2013 P.I.S.A.\u2013\u201d se llevaron a cabo contrataciones con otras empresas bajo las mismas modalidades que las concretadas con Compa\u00f1\u00eda Constructora M&amp;T S.A. Asimismo, deber\u00e1 requerirse que se informe si con anterioridad a la contrataci\u00f3n por adjudicaci\u00f3n directa con dicha firma, \u00e9sta particip\u00f3 en la ejecuci\u00f3n de otras obras, proyectos y\/o servicios\u201d.<\/p>\n<p><strong>La propia Corte hab\u00eda ordenado la apertura de la causa penal contra Armella y adem\u00e1s decidi\u00f3 promover una investigaci\u00f3n contra el magistrado en el Consejo de la Magistratura.<\/strong><\/p>\n<p>El Juez Armella fue denunciado por el Poder Ejecutivo por \u00abposible\u00bb incurrimiento en il\u00edcitos en su funci\u00f3n de ejecutar la sentencia de la Corte Suprema que dispone el saneamiento de la cuenca Matanza-Riachuelo, se lo acusa de vincularse con un grupo de empresas que consiguieron contratos millonarios sin licitaci\u00f3n alguna.<\/p>\n<p>Los posibles delitos por los que se investigar\u00eda al juez son \u00abestafa contra la administraci\u00f3n p\u00fablica\u00bb, \u00abviolaci\u00f3n de los deberes de funcionario p\u00fablico\u00bb y \u00abnegociaciones incompatibles con la funci\u00f3n p\u00fablica\u00bb, imputaciones que suponen una pena de hasta seis a\u00f1os de prisi\u00f3n e inhabilitaci\u00f3n perpetua.<\/p>\n<p>En la denuncia se hace referencia a una investigaci\u00f3n period\u00edstica de un matutino, seg\u00fan la cual se encontrar\u00eda probado un modus operandi delictivo en el que el Juez Armella aparece como autor principal\u201d, sostiene la presentaci\u00f3n, y precisa que \u201cel Juez intim\u00f3 a la Autoridad de la Cuenca (Acumar), bajo apercibimiento de graves sanciones y multas personales a los respectivos funcionarios, a realizar en plazos perentorios diversos proyectos\u201d; \u201cante la premura exigida por el magistrado, se habilitar\u00edan los supuestos de excepci\u00f3n\u201d para beneficiar, \u201csin procesos licitatorios\u201d, a \u201cempresas que ser\u00edan pr\u00f3ximas al juez\u201d.<\/p>\n<p>El texto se\u00f1ala que en las contrataciones se siguieron las \u00f3rdenes del magistrado. En su proceder, eran invitadas por Aysa las mismas seis empresas a los concursos privados, donde siempre ganaba la firma M&amp;T. \u201cEl informe de la Auditor\u00eda General concluye que dichas empresas se encuentran vinculadas \u201cpor la alternancia de sus socios o la coincidencia de domicilios\u201d.<\/p>\n<p>La denuncia cita \u201cel informe de la Auditor\u00eda General de la Naci\u00f3n, fechado el 9 de octubre, que \u201cse\u00f1ala cuatro contrataciones directas efectuadas por Aysa con Compa\u00f1\u00eda Constructora M&amp;T S.A.\u201d, por m\u00e1s de dos millones de pesos, y \u201c14 obras adjudicadas a M&amp;T mediante concurso privado de precios, por un total de 123.428.218 pesos\u201d.<\/p>\n<p>Seis empresas, siempre las mismas, eran invitadas por AySA a los concursos privados, que siempre ganaba M&amp;T. \u201cEl informe de la Auditor\u00eda General concluye que dichas empresas se encuentran vinculadas \u201cpor la alternancia de sus socios o la coincidencia de domicilios\u201d.<\/p>\n<p>Tambi\u00e9n la Ceamse efectu\u00f3 \u201cuna contrataci\u00f3n directa de la firma M&amp;T, por un monto de 3.597.834,30 pesos\u201d, \u201ca partir de las razones de urgencia sustentadas en la resoluci\u00f3n del Juez Armella\u201d.<\/p>\n<p>La denuncia se detiene en \u201cel caso de la firma Gildin S.A.\u201d y se\u00f1ala \u201cla relaci\u00f3n directa del Juez Armella con los socios y directivos de Gildin\u201d; recuerda que en 2009 \u201cArmella prohibi\u00f3 la instalaci\u00f3n de nuevas canteras en la Cuenca y orden\u00f3 \u201cla clausura de la totalidad de las que se manten\u00edan operativas\u201d, lo cual permiti\u00f3 \u201cliberar de competencia a Gildin y asegurar su contrataci\u00f3n\u201d.<\/p>\n<p>Armella qued\u00f3 al frente del caso luego de que la Corte dict\u00f3 en junio de 2006 una primera sentencia, exigiendo al Estado la presentaci\u00f3n de un plan para limpiar el Riachuelo y recomponer el agua, el suelo y el aire.<\/p>\n<p>El alto tribunal dict\u00f3 una \u00faltima sentencia, en julio de 2008, donde orden\u00f3 la implementaci\u00f3n de pol\u00edticas p\u00fablicas concretas en materia ambiental y fij\u00f3 plazos para realizarlas y sanciones en caso de incumplimiento, a cargo de la Autoridad de Cuenca.<\/p>\n<p>Adem\u00e1s, hab\u00eda dejado en manos del Juez Armella la ejecuci\u00f3n de la sentencia definitiva y estableci\u00f3 un control sobre ella, en manos del Defensor del Pueblo, de las ONG que intervinieron como terceros en la causa y de la Auditor\u00eda General de la Naci\u00f3n.<\/p>\n<\/div>\n","protected":false},"excerpt":{"rendered":"<p>El requerimiento lo realiz\u00f3 la fiscal\u00eda federal de Quilmes, a cargo de Silvia Cavallo. La funcionaria judicial cree que hubo irregularidades en las contrataciones que se hicieron en el marco de la causa por el saneamiento de la cuenca. El magistrado fue apartado por la Corte. La Fiscal federal de Quilmes Silvia Cavallo requiri\u00f3 abrir&hellip;<\/p>\n","protected":false},"author":1,"featured_media":0,"comment_status":"open","ping_status":"open","sticky":false,"template":"","format":"standard","meta":{"footnotes":""},"categories":[20],"tags":[66,175,13767,6187,684],"class_list":["post-29801","post","type-post","status-publish","format-standard","hentry","category-judiciales","tag-corte","tag-denuncia","tag-fiscal-federal-silvia-cavallo","tag-juez-federal-luis-armella","tag-quilmes"],"_links":{"self":[{"href":"https:\/\/www.elsindical.com.ar\/notas\/wp-json\/wp\/v2\/posts\/29801","targetHints":{"allow":["GET"]}}],"collection":[{"href":"https:\/\/www.elsindical.com.ar\/notas\/wp-json\/wp\/v2\/posts"}],"about":[{"href":"https:\/\/www.elsindical.com.ar\/notas\/wp-json\/wp\/v2\/types\/post"}],"author":[{"embeddable":true,"href":"https:\/\/www.elsindical.com.ar\/notas\/wp-json\/wp\/v2\/users\/1"}],"replies":[{"embeddable":true,"href":"https:\/\/www.elsindical.com.ar\/notas\/wp-json\/wp\/v2\/comments?post=29801"}],"version-history":[{"count":1,"href":"https:\/\/www.elsindical.com.ar\/notas\/wp-json\/wp\/v2\/posts\/29801\/revisions"}],"predecessor-version":[{"id":29802,"href":"https:\/\/www.elsindical.com.ar\/notas\/wp-json\/wp\/v2\/posts\/29801\/revisions\/29802"}],"wp:attachment":[{"href":"https:\/\/www.elsindical.com.ar\/notas\/wp-json\/wp\/v2\/media?parent=29801"}],"wp:term":[{"taxonomy":"category","embeddable":true,"href":"https:\/\/www.elsindical.com.ar\/notas\/wp-json\/wp\/v2\/categories?post=29801"},{"taxonomy":"post_tag","embeddable":true,"href":"https:\/\/www.elsindical.com.ar\/notas\/wp-json\/wp\/v2\/tags?post=29801"}],"curies":[{"name":"wp","href":"https:\/\/api.w.org\/{rel}","templated":true}]}}