{"id":29764,"date":"2012-11-20T07:42:03","date_gmt":"2012-11-20T10:42:03","guid":{"rendered":"http:\/\/www.elsindical.com.ar\/notas\/?p=29764"},"modified":"2012-11-20T07:42:03","modified_gmt":"2012-11-20T10:42:03","slug":"caballitochoque-con-heridos","status":"publish","type":"post","link":"https:\/\/www.elsindical.com.ar\/notas\/caballitochoque-con-heridos\/","title":{"rendered":"Caballito:Choque con heridos"},"content":{"rendered":"<p><em>\u00a0<a href=\"http:\/\/www.elsindical.com.ar\/notas\/var\/www\/html\/notas\/wp-content\/uploads\/2012\/11\/choque-Avellaneda-y-Eduardo-Acevedo.jpg\"><img loading=\"lazy\" decoding=\"async\" class=\"alignleft size-medium wp-image-29765\" title=\"choque-Avellaneda-y-Eduardo-Acevedo\" src=\"http:\/\/www.elsindical.com.ar\/notas\/var\/www\/html\/notas\/wp-content\/uploads\/2012\/11\/choque-Avellaneda-y-Eduardo-Acevedo-300x225.jpg\" alt=\"\" width=\"300\" height=\"225\" srcset=\"https:\/\/www.elsindical.com.ar\/notas\/var\/www\/html\/notas\/wp-content\/uploads\/2012\/11\/choque-Avellaneda-y-Eduardo-Acevedo-300x225.jpg 300w, https:\/\/www.elsindical.com.ar\/notas\/var\/www\/html\/notas\/wp-content\/uploads\/2012\/11\/choque-Avellaneda-y-Eduardo-Acevedo-399x300.jpg 399w, https:\/\/www.elsindical.com.ar\/notas\/var\/www\/html\/notas\/wp-content\/uploads\/2012\/11\/choque-Avellaneda-y-Eduardo-Acevedo.jpg 531w\" sizes=\"auto, (max-width: 300px) 100vw, 300px\" \/><\/a> En la madrugada, alrededor de las 04:11 hs. en la Av. Avellaneda al 100, se produjo un choque entre un auto particular y un taxi, que dej\u00f3 como consecuencia, tres heridos que fueron socorridos por personal de la Cria. 11 de la Polic\u00eda Federal Argentina y el SAME.<\/em><\/p>\n<p>Por circunstancias que a\u00fan no se han determinado, un taxi Fiat Siena, chapa patente EWX 541\u00a0de la empresa Radio Taxi AS, licencia N\u00ba 16.676 de la Ciudad de Buenos Aires, fue embestido desde atr\u00e1s por un auto particular Renault 21 de color gris, y chapa patente ULD 176.<\/p>\n<p>En el lugar la visi\u00f3n es buena y al momento del siniestro los sem\u00e1foros funcionaban correctamente.<\/p>\n<p>Los heridos fueron trasladados en dos ambulancias del SAME, a la guardia del Hospital Durand\u00a0 y sobre ambos veh\u00edculos una custodia policial hasta su traslado al dep\u00f3sito judicial para continuar con las pericias.<\/p>\n","protected":false},"excerpt":{"rendered":"<p>\u00a0 En la madrugada, alrededor de las 04:11 hs. en la Av. Avellaneda al 100, se produjo un choque entre un auto particular y un taxi, que dej\u00f3 como consecuencia, tres heridos que fueron socorridos por personal de la Cria. 11 de la Polic\u00eda Federal Argentina y el SAME. Por circunstancias que a\u00fan no se&hellip;<\/p>\n","protected":false},"author":1,"featured_media":0,"comment_status":"open","ping_status":"open","sticky":false,"template":"","format":"standard","meta":{"footnotes":""},"categories":[22],"tags":[1050,651,6775,582,2917,502,2499,4972],"class_list":["post-29764","post","type-post","status-publish","format-standard","hentry","category-policiales","tag-auto","tag-choque","tag-cria-11","tag-heridos","tag-hospital-durand","tag-policia-federal-argentina","tag-same","tag-taxi"],"_links":{"self":[{"href":"https:\/\/www.elsindical.com.ar\/notas\/wp-json\/wp\/v2\/posts\/29764","targetHints":{"allow":["GET"]}}],"collection":[{"href":"https:\/\/www.elsindical.com.ar\/notas\/wp-json\/wp\/v2\/posts"}],"about":[{"href":"https:\/\/www.elsindical.com.ar\/notas\/wp-json\/wp\/v2\/types\/post"}],"author":[{"embeddable":true,"href":"https:\/\/www.elsindical.com.ar\/notas\/wp-json\/wp\/v2\/users\/1"}],"replies":[{"embeddable":true,"href":"https:\/\/www.elsindical.com.ar\/notas\/wp-json\/wp\/v2\/comments?post=29764"}],"version-history":[{"count":1,"href":"https:\/\/www.elsindical.com.ar\/notas\/wp-json\/wp\/v2\/posts\/29764\/revisions"}],"predecessor-version":[{"id":29766,"href":"https:\/\/www.elsindical.com.ar\/notas\/wp-json\/wp\/v2\/posts\/29764\/revisions\/29766"}],"wp:attachment":[{"href":"https:\/\/www.elsindical.com.ar\/notas\/wp-json\/wp\/v2\/media?parent=29764"}],"wp:term":[{"taxonomy":"category","embeddable":true,"href":"https:\/\/www.elsindical.com.ar\/notas\/wp-json\/wp\/v2\/categories?post=29764"},{"taxonomy":"post_tag","embeddable":true,"href":"https:\/\/www.elsindical.com.ar\/notas\/wp-json\/wp\/v2\/tags?post=29764"}],"curies":[{"name":"wp","href":"https:\/\/api.w.org\/{rel}","templated":true}]}}