{"id":29758,"date":"2012-11-20T01:16:59","date_gmt":"2012-11-20T04:16:59","guid":{"rendered":"http:\/\/www.elsindical.com.ar\/notas\/?p=29758"},"modified":"2012-11-20T01:16:59","modified_gmt":"2012-11-20T04:16:59","slug":"comenzo-el-paro-general-de-la-cgt-de-moyano-y-la-cta-de-micheli","status":"publish","type":"post","link":"https:\/\/www.elsindical.com.ar\/notas\/comenzo-el-paro-general-de-la-cgt-de-moyano-y-la-cta-de-micheli\/","title":{"rendered":"Comenz\u00f3 el paro general de la CGT de Moyano y la CTA de Micheli"},"content":{"rendered":"<p style=\"text-align: justify;\"><em><strong><a href=\"http:\/\/www.elsindical.com.ar\/notas\/var\/www\/html\/notas\/wp-content\/uploads\/2012\/11\/corte-Puente-Pueyrred\u00f3n-noche.jpg\"><img loading=\"lazy\" decoding=\"async\" class=\"alignleft size-medium wp-image-29759\" title=\"corte-Puente-Pueyrred\u00f3n-noche\" src=\"http:\/\/www.elsindical.com.ar\/notas\/var\/www\/html\/notas\/wp-content\/uploads\/2012\/11\/corte-Puente-Pueyrred\u00f3n-noche-300x199.jpg\" alt=\"\" width=\"300\" height=\"199\" srcset=\"https:\/\/www.elsindical.com.ar\/notas\/var\/www\/html\/notas\/wp-content\/uploads\/2012\/11\/corte-Puente-Pueyrred\u00f3n-noche-300x199.jpg 300w, https:\/\/www.elsindical.com.ar\/notas\/var\/www\/html\/notas\/wp-content\/uploads\/2012\/11\/corte-Puente-Pueyrred\u00f3n-noche.jpg 443w\" sizes=\"auto, (max-width: 300px) 100vw, 300px\" \/><\/a>Afectar\u00e1 a <\/strong>distintos servicios p\u00fablicos en la ciudad de Buenos Aires, el conurbano bonaerense y el resto del pa\u00eds, como la atenci\u00f3n en hospitales p\u00fablicos, clases en escuelas, entidades bancarias, recolecci\u00f3n de residuos y transporte p\u00fablico de pasajeros. <strong>La l\u00ednea B del subte no funcionar\u00e1 as\u00ed como tampoco los trenes del Sarmiento.<\/strong> Hay, adem\u00e1s, cuatro bloqueos fronterizos y demoras en los <strong>vuelos internacionales<\/strong>.<\/em><\/p>\n<div style=\"text-align: justify;\">\n<p>En el<strong> \u00e1rea metropolitana de Buenos Aires,<\/strong> el ferrocarril Sarmiento confirm\u00f3 que no prestar\u00e1 el servicio y el Roca lo har\u00e1 con retrasos por la adhesi\u00f3n de los se\u00f1aleros, mientras que los <strong>micros de larga distancia, colectivos y subtes se sumar\u00e1n al paro en forma parcial.<\/strong><\/p>\n<p>La comisi\u00f3n directiva de la Asociaci\u00f3n Gremial de Trabajadores del Subte y Premetro comunic\u00f3 que no adhiere al paro, aunque la <strong>l\u00ednea B<\/strong> se sum\u00f3 a la medida de fuerza a \u00faltima hora del lunes, por lo que <strong>ese ramal no circular\u00e1 hoy.<\/strong><\/p>\n<p>En cuanto al transporte p\u00fablico de colectivos, algunas l\u00edneas como<strong> la 60 ya anunciaron que se plegar\u00e1n al paro,<\/strong> mientras que los choferes agrupados en la UTA decidieron no adherir a la huelga.<\/p>\n<p>De todas maneras, se espera una jornada complicada para el transporte p\u00fablico de pasajeros, ante los <strong>piquetes que se montar\u00e1n en terminales y los cortes de calles.<\/strong><\/p>\n<p>La distribuci\u00f3n de combustible se ver\u00e1 afectada por el paro de camioneros y traer\u00e1 complicaciones ante un incremento en la demanda de<strong> nafta en las estaciones de servicio.<\/strong><\/p>\n<p>En cuanto a la <strong>recolecci\u00f3n de residuos<\/strong>, el servicio se ver\u00e1 afectado por el paro y, en ese sentido, el gobierno porte\u00f1o reiter\u00f3 su pedido para que los vecinos no saquen la basura hasta el pr\u00f3ximo mi\u00e9rcoles.<\/p>\n<p><strong>Hoy no habr\u00e1 atenci\u00f3n en bancos en todo el pa\u00eds<\/strong>, al adherir la gremial bancaria al paro, mientras que tambi\u00e9n se paralizar\u00e1 el transporte de caudales y se ver\u00e1 afectada la reposici\u00f3n de dinero en los cajeros autom\u00e1ticos.<\/p>\n<p>Con respecto al transporte a\u00e9reo, las empresas Aerol\u00edneas Argentinas y LAN advirtieron a los usuarios sobre<strong> posibles demoras y cancelaciones en los vuelos,<\/strong> situaci\u00f3n que tambi\u00e9n puede afectar a otras compa\u00f1\u00edas a\u00e9reas por el alcance del paro.<\/p>\n<p>Tambi\u00e9n se ver\u00e1 interrumpido el <strong>dictado de clases en distintas jurisdicciones del pa\u00eds.<\/strong> Adhirieron al paro los maestros agrupados en la organizaci\u00f3n Docentes Argentinos Confederados, que incluye a CAMYP, uno de los gremios de trabajadores de la educaci\u00f3n de la Capital Federal, la FEB de Buenos Aires y SISADOC de Santiago del Estero.<\/p>\n<p>La Uni\u00f3n Docentes de la Provincia de Buenos Aires tambi\u00e9n confirm\u00f3 su \u00abtotal adhesi\u00f3n\u00bb al paro convocado por la CGT que lidera Hugo Moyano.<\/p>\n<p>Asimismo, los estudiantes agrupados en la Federaci\u00f3n Universitaria de Buenos Aires (FUBA) anunciaron que participar\u00e1n del paro con un corte desde las 8 de hoy, en las avenidas Callao y C\u00f3rdoba.<\/p>\n<p>En tanto, la Asociaci\u00f3n Gremial de Docentes de la Universidad Tecnol\u00f3gica Nacional ratific\u00f3 que no se har\u00e1 eco de la huelga convocada y que habr\u00e1 actividades normales en las Facultades Regionales de la Universidad Tecnol\u00f3gica.<\/p>\n<p>El paro afectar\u00e1 la atenci\u00f3n de <strong>hospitales p\u00fablicos en distintos puntos del pa\u00eds,<\/strong> al adherir a la medida de fuerza trabajadores agrupados en la Federaci\u00f3n Sindical de Profesionales de la Salud (FESPROSA) y la Asociaci\u00f3n Sindical de Profesionales de la Salud (CICOP).<\/p>\n<p>Los 27 mil trabajadores de la Salud que integran a nivel nacional la FESPROSA parar\u00e1n y, seg\u00fan inform\u00f3 el gremio, la medida de fuerza se sentir fuerte en Jujuy, Salta, Tucum\u00e1n, C\u00f3rdoba, Santa Fe, Mendoza, San Juan, Chaco, San Luis y Buenos Aires, provincias donde se atender\u00e1n s\u00f3lo guardias.<\/p>\n<p>En la provincia de Buenos Aires, la medida de fuerza impedir\u00e1 la atenci\u00f3n en los 77 hospitales p\u00fablicos bonaerenses.<\/p>\n<p>Adem\u00e1s, los trabajadores de la CICOP se movilizar\u00e1n a distintos cortes, los cuales <strong>comenzar\u00e1n desde las 8 y que est\u00e1n programados en el Puente Pueyrred\u00f3n; avenida Constituyentes y General Paz; avenida Gaona y Vergara; avenida Ricchieri y Puente 13 (El tr\u00e9bol) (corte adicional en Ruta 3 y Km 21) y en la capital provincial en Autopista La Plata-Buenos Aires.<\/strong><\/p>\n<p>Por su parte, la ANSES inform\u00f3 que hoy sus delegaciones de todo el pa\u00eds atender\u00e1n al p\u00fablico en sus horarios habituales. Seg\u00fan se inform\u00f3, la gran mayor\u00eda de los empleados del organismo confirm\u00f3 su asistencia a sus lugares de trabajo.<\/p>\n<p>Los jubilados, pensionados y trabajadores podr\u00e1n realizar consultas y tr\u00e1mites en las oficinas de atenci\u00f3n de todo el pa\u00eds.<\/p>\n<p>Adem\u00e1s, ANSES inform\u00f3 que se respetar\u00e1n los turnos previamente asignados para la fecha, as\u00ed como los tr\u00e1mites previstos.<\/p>\n<\/div>\n","protected":false},"excerpt":{"rendered":"<p>Afectar\u00e1 a distintos servicios p\u00fablicos en la ciudad de Buenos Aires, el conurbano bonaerense y el resto del pa\u00eds, como la atenci\u00f3n en hospitales p\u00fablicos, clases en escuelas, entidades bancarias, recolecci\u00f3n de residuos y transporte p\u00fablico de pasajeros. La l\u00ednea B del subte no funcionar\u00e1 as\u00ed como tampoco los trenes del Sarmiento. Hay, adem\u00e1s, cuatro&hellip;<\/p>\n","protected":false},"author":1,"featured_media":0,"comment_status":"open","ping_status":"open","sticky":false,"template":"","format":"standard","meta":{"footnotes":""},"categories":[16],"tags":[910,294,184,375,67,13745,5930],"class_list":["post-29758","post","type-post","status-publish","format-standard","hentry","category-gremiales","tag-cgt","tag-cortes","tag-cta","tag-gobierno","tag-paro","tag-puentes","tag-rutas"],"_links":{"self":[{"href":"https:\/\/www.elsindical.com.ar\/notas\/wp-json\/wp\/v2\/posts\/29758","targetHints":{"allow":["GET"]}}],"collection":[{"href":"https:\/\/www.elsindical.com.ar\/notas\/wp-json\/wp\/v2\/posts"}],"about":[{"href":"https:\/\/www.elsindical.com.ar\/notas\/wp-json\/wp\/v2\/types\/post"}],"author":[{"embeddable":true,"href":"https:\/\/www.elsindical.com.ar\/notas\/wp-json\/wp\/v2\/users\/1"}],"replies":[{"embeddable":true,"href":"https:\/\/www.elsindical.com.ar\/notas\/wp-json\/wp\/v2\/comments?post=29758"}],"version-history":[{"count":2,"href":"https:\/\/www.elsindical.com.ar\/notas\/wp-json\/wp\/v2\/posts\/29758\/revisions"}],"predecessor-version":[{"id":29761,"href":"https:\/\/www.elsindical.com.ar\/notas\/wp-json\/wp\/v2\/posts\/29758\/revisions\/29761"}],"wp:attachment":[{"href":"https:\/\/www.elsindical.com.ar\/notas\/wp-json\/wp\/v2\/media?parent=29758"}],"wp:term":[{"taxonomy":"category","embeddable":true,"href":"https:\/\/www.elsindical.com.ar\/notas\/wp-json\/wp\/v2\/categories?post=29758"},{"taxonomy":"post_tag","embeddable":true,"href":"https:\/\/www.elsindical.com.ar\/notas\/wp-json\/wp\/v2\/tags?post=29758"}],"curies":[{"name":"wp","href":"https:\/\/api.w.org\/{rel}","templated":true}]}}