{"id":29714,"date":"2012-11-17T20:47:56","date_gmt":"2012-11-17T23:47:56","guid":{"rendered":"http:\/\/www.elsindical.com.ar\/notas\/?p=29714"},"modified":"2012-11-17T20:47:56","modified_gmt":"2012-11-17T23:47:56","slug":"pergaminobeatificaron-a-la-monja-crescencia-perez","status":"publish","type":"post","link":"https:\/\/www.elsindical.com.ar\/notas\/pergaminobeatificaron-a-la-monja-crescencia-perez\/","title":{"rendered":"Pergamino:Beatificaron a la monja Crescencia P\u00e9rez"},"content":{"rendered":"<p style=\"text-align: justify;\"><em><a href=\"http:\/\/www.elsindical.com.ar\/notas\/var\/www\/html\/notas\/wp-content\/uploads\/2012\/11\/Mar\u00eda-Crescencia-P\u00e9rez-beata.jpg\"><img loading=\"lazy\" decoding=\"async\" class=\"alignleft size-medium wp-image-29715\" title=\"Mar\u00eda-Crescencia-P\u00e9rez-beata\" src=\"http:\/\/www.elsindical.com.ar\/notas\/var\/www\/html\/notas\/wp-content\/uploads\/2012\/11\/Mar\u00eda-Crescencia-P\u00e9rez-beata-300x109.jpg\" alt=\"\" width=\"300\" height=\"109\" srcset=\"https:\/\/www.elsindical.com.ar\/notas\/var\/www\/html\/notas\/wp-content\/uploads\/2012\/11\/Mar\u00eda-Crescencia-P\u00e9rez-beata-300x109.jpg 300w, https:\/\/www.elsindical.com.ar\/notas\/var\/www\/html\/notas\/wp-content\/uploads\/2012\/11\/Mar\u00eda-Crescencia-P\u00e9rez-beata-500x183.jpg 500w, https:\/\/www.elsindical.com.ar\/notas\/var\/www\/html\/notas\/wp-content\/uploads\/2012\/11\/Mar\u00eda-Crescencia-P\u00e9rez-beata.jpg 502w\" sizes=\"auto, (max-width: 300px) 100vw, 300px\" \/><\/a>La religiosa argentina\u00a0 que dedic\u00f3 su apostolado a los ni\u00f1os, primero como maestra y luego cuidando a enfermos de Tuberculosis, fue proclamada hoy beata -la primera bonaerense- por un enviado especial del papa Benedicto XVI.<\/em><\/p>\n<p style=\"text-align: justify;\">Un representante del <strong>Papa Benedicto XVI<\/strong> beatific\u00f3 en la ciudad bonaerense de <strong>Pergamino<\/strong> a <strong>Mar\u00eda Crescencia P\u00e9rez<\/strong>, una religiosa argentina que vivi\u00f3 a principios del siglo XX, en una ceremonia de la que participan una multitud de fieles.<\/p>\n<p style=\"text-align: justify;\">La beatificaci\u00f3n de la religiosa fue proclamada por <strong>el cardenal Angelo Amato<\/strong>, quien viaj\u00f3 desde el Vaticano, hecho que conmueve a los pergaminenses de fe cat\u00f3lica.<\/p>\n<p style=\"text-align: justify;\">\u2018Pergamino se encuentra estremecida por el acontecimiento, y ya la ciudad se considera de Mar\u00eda Crescencia\u2018, confiesan los habitantes que asistir\u00e1n al acto religioso.<\/p>\n<p style=\"text-align: justify;\"><strong>El f\u00e9retro con el cuerpo de la monja se conserva incorrupto<\/strong>, un signo tenido en cuenta por las autoridades de la iglesia de su santidad, y reposa en una tumba en el colegio de la Congregaci\u00f3n de las Hermanas del Huerto a la que pertenec\u00eda, fue expuesto en la vereda, protegido por una reja, a la veneraci\u00f3n p\u00fablica.<\/p>\n<p style=\"text-align: justify;\">La hasta hoy venerable Mar\u00eda Crescencia -un escal\u00f3n anterior a la beatificaci\u00f3n- naci\u00f3 en la localidad de San Mart\u00edn el 17 de agosto de 1897, y luego la familia se traslad\u00f3 a Pergamino por problemas de salud de su madre.<\/p>\n<p style=\"text-align: justify;\">En el Hogar de Jes\u00fas curs\u00f3 el ciclo primario y luego se recibi\u00f3 de maestra de Labores, actividad que desempe\u00f1\u00f3 con \u2018humildad\u2018 como definieron quienes la conocieron, junto con la de catequista en los primeros a\u00f1os de su vida religiosa.<\/p>\n<p style=\"text-align: justify;\">El 31 de diciembre de 1915 hab\u00eda ingresado al Noviciado de las Hermanas del Huerto, en Buenos Aires y enseguida se distingui\u00f3 por su af\u00e1n de ser como Teresita del Ni\u00f1o Jes\u00fas, santa de las peque\u00f1as cosas diarias, y ejerci\u00f3 la caridad. En otra etapa de su vida y mientras su salud declinaba se dedic\u00f3 a los enfermos, ni\u00f1os con tuberculosis \u00f3sea, en el sanatorio Mar\u00edtimo de Mar del Plata y muri\u00f3 en Vallenar, Chile.<\/p>\n<p style=\"text-align: justify;\">Estuvo por \u00faltima vez en Pergamino en 1928 luego parti\u00f3 a su destino chileno, pero hab\u00eda afirmado \u2018por cumplir la voluntad de Dios ir\u00eda al fin del mundo\u2018, lo que hizo hasta el d\u00eda de su muerte, el 20 de mayo de 1932.<\/p>\n<p style=\"text-align: justify;\"><strong>Un intenso aroma a violetas se sinti\u00f3 en el momento de su fallecimiento<\/strong>, ella hab\u00eda advertido que habr\u00eda una se\u00f1al y \u00e9ste<strong> es un signo que suele repetirse ante algunos de los miles de fieles que visitan su tumba en Pergamino<\/strong> adonde fue trasladada en 1986.\u00a0 El milagro que faltaba para la consagraci\u00f3n .<\/p>\n<p style=\"text-align: justify;\"><strong>Un milagro hac\u00eda falta para la beatificaci\u00f3n<\/strong> y se le atribuye a los ocurrido a la joven Mar\u00eda Sara Pane a quien en 1995, con 23 a\u00f1os, sufr\u00eda de diabetes, le hab\u00edan diagnosticado tres d\u00edas de vida porque necesitaba un trasplante de h\u00edgado y la trasladaron del hospital Aeron\u00e1utico al Italiano.<\/p>\n<p style=\"text-align: justify;\">Una hermana del Huerto le hab\u00eda llevado una estampita de Mar\u00eda Crescencia, a quien la enferma le habl\u00f3 como \u2018a una madre\u2018 y le pidi\u00f3 por su salud y por su peque\u00f1o hijo, de acuerdo con su relato. Su curaci\u00f3n hep\u00e1tica fue tal que uno de los m\u00e9dicos que iba a realizar el trasplante le dijo que era \u2018la primera vez que ve\u00eda que la ciencia y el milagro se juntaban\u2018.<\/p>\n","protected":false},"excerpt":{"rendered":"<p>La religiosa argentina\u00a0 que dedic\u00f3 su apostolado a los ni\u00f1os, primero como maestra y luego cuidando a enfermos de Tuberculosis, fue proclamada hoy beata -la primera bonaerense- por un enviado especial del papa Benedicto XVI. Un representante del Papa Benedicto XVI beatific\u00f3 en la ciudad bonaerense de Pergamino a Mar\u00eda Crescencia P\u00e9rez, una religiosa argentina&hellip;<\/p>\n","protected":false},"author":1,"featured_media":0,"comment_status":"open","ping_status":"open","sticky":false,"template":"","format":"standard","meta":{"footnotes":""},"categories":[24],"tags":[13719,13721,7877,13720,13722,974,13723],"class_list":["post-29714","post","type-post","status-publish","format-standard","hentry","category-sociales","tag-beatificacion","tag-maria-crescencia-perez","tag-milagros","tag-monja","tag-papa-benedicto-xvi","tag-pergamino","tag-religiosa"],"_links":{"self":[{"href":"https:\/\/www.elsindical.com.ar\/notas\/wp-json\/wp\/v2\/posts\/29714","targetHints":{"allow":["GET"]}}],"collection":[{"href":"https:\/\/www.elsindical.com.ar\/notas\/wp-json\/wp\/v2\/posts"}],"about":[{"href":"https:\/\/www.elsindical.com.ar\/notas\/wp-json\/wp\/v2\/types\/post"}],"author":[{"embeddable":true,"href":"https:\/\/www.elsindical.com.ar\/notas\/wp-json\/wp\/v2\/users\/1"}],"replies":[{"embeddable":true,"href":"https:\/\/www.elsindical.com.ar\/notas\/wp-json\/wp\/v2\/comments?post=29714"}],"version-history":[{"count":1,"href":"https:\/\/www.elsindical.com.ar\/notas\/wp-json\/wp\/v2\/posts\/29714\/revisions"}],"predecessor-version":[{"id":29716,"href":"https:\/\/www.elsindical.com.ar\/notas\/wp-json\/wp\/v2\/posts\/29714\/revisions\/29716"}],"wp:attachment":[{"href":"https:\/\/www.elsindical.com.ar\/notas\/wp-json\/wp\/v2\/media?parent=29714"}],"wp:term":[{"taxonomy":"category","embeddable":true,"href":"https:\/\/www.elsindical.com.ar\/notas\/wp-json\/wp\/v2\/categories?post=29714"},{"taxonomy":"post_tag","embeddable":true,"href":"https:\/\/www.elsindical.com.ar\/notas\/wp-json\/wp\/v2\/tags?post=29714"}],"curies":[{"name":"wp","href":"https:\/\/api.w.org\/{rel}","templated":true}]}}