{"id":29695,"date":"2012-11-17T00:19:13","date_gmt":"2012-11-17T03:19:13","guid":{"rendered":"http:\/\/www.elsindical.com.ar\/notas\/?p=29695"},"modified":"2012-11-17T00:19:13","modified_gmt":"2012-11-17T03:19:13","slug":"santiago-del-esterotragica-y-absurda-muerte-de-una-nina-en-una-escuela","status":"publish","type":"post","link":"https:\/\/www.elsindical.com.ar\/notas\/santiago-del-esterotragica-y-absurda-muerte-de-una-nina-en-una-escuela\/","title":{"rendered":"Santiago del Estero:Tr\u00e1gica y absurda muerte de una ni\u00f1a en una escuela"},"content":{"rendered":"<p style=\"text-align: justify;\"><em><a href=\"http:\/\/www.elsindical.com.ar\/notas\/var\/www\/html\/notas\/wp-content\/uploads\/2012\/11\/escuela-Termas-de-R\u00edo-Hondo.jpg\"><img loading=\"lazy\" decoding=\"async\" class=\"alignleft size-medium wp-image-29696\" title=\"escuela-Termas-de-R\u00edo-Hondo\" src=\"http:\/\/www.elsindical.com.ar\/notas\/var\/www\/html\/notas\/wp-content\/uploads\/2012\/11\/escuela-Termas-de-R\u00edo-Hondo-300x200.jpg\" alt=\"\" width=\"300\" height=\"200\" srcset=\"https:\/\/www.elsindical.com.ar\/notas\/var\/www\/html\/notas\/wp-content\/uploads\/2012\/11\/escuela-Termas-de-R\u00edo-Hondo-300x200.jpg 300w, https:\/\/www.elsindical.com.ar\/notas\/var\/www\/html\/notas\/wp-content\/uploads\/2012\/11\/escuela-Termas-de-R\u00edo-Hondo-449x300.jpg 449w, https:\/\/www.elsindical.com.ar\/notas\/var\/www\/html\/notas\/wp-content\/uploads\/2012\/11\/escuela-Termas-de-R\u00edo-Hondo.jpg 502w\" sizes=\"auto, (max-width: 300px) 100vw, 300px\" \/><\/a>Una ni\u00f1a de siete a\u00f1os muri\u00f3 al sufrir un ins\u00f3lito accidente cuando sal\u00eda de la escuela. Seg\u00fan manifestaron testigos, la v\u00edctima sali\u00f3 corriendo al escuchar el timbre de salida, tropez\u00f3 y sufri\u00f3 un violento golpe. Hab\u00eda sufrido un paro cardiorrespiratorio.<\/em><\/p>\n<p style=\"text-align: justify;\">La comunidad educativa de la escuela N\u00ba 761 Rafael Obligado de <strong>Las Termas de R\u00edo Hondo<\/strong> se encuentra conmocionada por la muerte de una alumna de 7 a\u00f1os durante un ins\u00f3lito accidente ocurrido a la salida del turno tarde, este viernes.<\/p>\n<p style=\"text-align: justify;\">Seg\u00fan trascendi\u00f3 <strong>Luz Morena Su\u00e1rez<\/strong>, falleci\u00f3 tras golpear su cabeza contra un cord\u00f3n al salir del aula.<\/p>\n<p style=\"text-align: justify;\">Al escuchar el timbre de salida, los ni\u00f1os salieron corriendo sin imaginar el tr\u00e1gico desenlace que deparaba la tarde del viernes. La peque\u00f1a, tropez\u00f3 y golpe\u00f3 violentamente su cabeza contra un cord\u00f3n en el patio de la escuela, <strong>tras desvanecerse como consecuencia de un paro cardiorrespiratorio.<\/strong><\/p>\n<p style=\"text-align: justify;\">Las autoridades del establecimiento la trasladaron de urgencia al <strong>hospital Zonal de Las Termas<\/strong>, donde ingres\u00f3 sin vida. Su padre, es un periodista reconocido en la ciudad, Domingo Su\u00e1rez.<\/p>\n<p style=\"text-align: justify;\">El <strong>m\u00e9dico forense Daniel Daud<\/strong>, inform\u00f3 tras examinar el cuerpo que la ni\u00f1a sufri\u00f3 una descompensaci\u00f3n como consecuencia de un paro cardiorespiratorio, que fue el motivo del deceso.<\/p>\n<p style=\"text-align: justify;\">\n<p style=\"text-align: justify;\"><em><strong>Fuente:Diario Panorama<\/strong><\/em><\/p>\n","protected":false},"excerpt":{"rendered":"<p>Una ni\u00f1a de siete a\u00f1os muri\u00f3 al sufrir un ins\u00f3lito accidente cuando sal\u00eda de la escuela. Seg\u00fan manifestaron testigos, la v\u00edctima sali\u00f3 corriendo al escuchar el timbre de salida, tropez\u00f3 y sufri\u00f3 un violento golpe. Hab\u00eda sufrido un paro cardiorrespiratorio. La comunidad educativa de la escuela N\u00ba 761 Rafael Obligado de Las Termas de R\u00edo&hellip;<\/p>\n","protected":false},"author":1,"featured_media":0,"comment_status":"open","ping_status":"open","sticky":false,"template":"","format":"standard","meta":{"footnotes":""},"categories":[22],"tags":[7003,2448,3425,305,1478,3767],"class_list":["post-29695","post","type-post","status-publish","format-standard","hentry","category-policiales","tag-alumna","tag-escuela","tag-golpe","tag-muerte","tag-santiago-del-estero","tag-termas-de-rio-hondo"],"_links":{"self":[{"href":"https:\/\/www.elsindical.com.ar\/notas\/wp-json\/wp\/v2\/posts\/29695","targetHints":{"allow":["GET"]}}],"collection":[{"href":"https:\/\/www.elsindical.com.ar\/notas\/wp-json\/wp\/v2\/posts"}],"about":[{"href":"https:\/\/www.elsindical.com.ar\/notas\/wp-json\/wp\/v2\/types\/post"}],"author":[{"embeddable":true,"href":"https:\/\/www.elsindical.com.ar\/notas\/wp-json\/wp\/v2\/users\/1"}],"replies":[{"embeddable":true,"href":"https:\/\/www.elsindical.com.ar\/notas\/wp-json\/wp\/v2\/comments?post=29695"}],"version-history":[{"count":1,"href":"https:\/\/www.elsindical.com.ar\/notas\/wp-json\/wp\/v2\/posts\/29695\/revisions"}],"predecessor-version":[{"id":29697,"href":"https:\/\/www.elsindical.com.ar\/notas\/wp-json\/wp\/v2\/posts\/29695\/revisions\/29697"}],"wp:attachment":[{"href":"https:\/\/www.elsindical.com.ar\/notas\/wp-json\/wp\/v2\/media?parent=29695"}],"wp:term":[{"taxonomy":"category","embeddable":true,"href":"https:\/\/www.elsindical.com.ar\/notas\/wp-json\/wp\/v2\/categories?post=29695"},{"taxonomy":"post_tag","embeddable":true,"href":"https:\/\/www.elsindical.com.ar\/notas\/wp-json\/wp\/v2\/tags?post=29695"}],"curies":[{"name":"wp","href":"https:\/\/api.w.org\/{rel}","templated":true}]}}