{"id":29692,"date":"2012-11-17T00:03:32","date_gmt":"2012-11-17T03:03:32","guid":{"rendered":"http:\/\/www.elsindical.com.ar\/notas\/?p=29692"},"modified":"2012-11-17T00:03:32","modified_gmt":"2012-11-17T03:03:32","slug":"el-congreso-de-argentina-entre-los-menos-transparentes-de-la-region","status":"publish","type":"post","link":"https:\/\/www.elsindical.com.ar\/notas\/el-congreso-de-argentina-entre-los-menos-transparentes-de-la-region\/","title":{"rendered":"El Congreso de Argentina, entre los menos transparentes de la regi\u00f3n"},"content":{"rendered":"<p style=\"text-align: justify;\"><em><a href=\"http:\/\/www.elsindical.com.ar\/notas\/var\/www\/html\/notas\/wp-content\/uploads\/2011\/09\/Congreso-de-la-Naci\u00f3n.jpg\"><img loading=\"lazy\" decoding=\"async\" class=\"alignleft size-medium wp-image-17320\" title=\"Congreso-de-la-Naci\u00f3n\" src=\"http:\/\/www.elsindical.com.ar\/notas\/var\/www\/html\/notas\/wp-content\/uploads\/2011\/09\/Congreso-de-la-Naci\u00f3n-300x201.jpg\" alt=\"\" width=\"300\" height=\"201\" srcset=\"https:\/\/www.elsindical.com.ar\/notas\/var\/www\/html\/notas\/wp-content\/uploads\/2011\/09\/Congreso-de-la-Naci\u00f3n-300x201.jpg 300w, https:\/\/www.elsindical.com.ar\/notas\/var\/www\/html\/notas\/wp-content\/uploads\/2011\/09\/Congreso-de-la-Naci\u00f3n.jpg 413w\" sizes=\"auto, (max-width: 300px) 100vw, 300px\" \/><\/a>El Parlamento figur\u00f3 en los <strong>\u00faltimos lugares de un r\u00e1nking<\/strong> que compar\u00f3 el funcionamiento Poder Legislativo en pa\u00edses de Latinoam\u00e9rica. El <strong>acceso a la informaci\u00f3n<\/strong>, una de los puntos m\u00e1s bajos.<\/em><\/p>\n<div style=\"text-align: justify;\">\n<p>El estudio realizado por la <strong><a href=\"http:\/\/www.transparencialegislativa.org\/\">Red Latinoamericana por la Transparencia Legislativa<\/a><\/strong>\u00a0 compar\u00f3 la situaci\u00f3n parlamentaria de <strong>Argentina, Chile, Colombia, M\u00e9xico y Per\u00fa<\/strong>, y concluy\u00f3 que los niveles de todos esos pa\u00edses est\u00e1n por debajo del nivel de trasparencia \u00f3ptimo.<\/p>\n<p>El cotejo contempla los \u201cest\u00e1ndares m\u00ednimos de apertura en el quehacer pol\u00edtico, administrativo y legislativo de las instituciones\u201d, seg\u00fan inform\u00f3 la ONG Poder Ciudadano, que junto con la Asociaci\u00f3n por los Derechos Civiles (ACD) y el Centro de Implementaci\u00f3n de Pol\u00edticas P\u00fablicas para la Equidad y el Crecimiento (CIPPEC) realizaron la evaluaci\u00f3n en nuestro pa\u00eds.<\/p>\n<p>Para ello, se evalu\u00f3 \u2013a partir de un cuestionario de 193 preguntas- la <strong>normatividad<\/strong> (leyes y normas que regulan las pr\u00e1cticas institucionales), la <strong>labor legislativa<\/strong> (transparencia y publicidad de los actos legislativos), el <strong>presupuesto y la gesti\u00f3n administrativa<\/strong> (acceso a informaci\u00f3n sobre c\u00f3mo se manejan los recursos) y la <strong>participaci\u00f3n y atenci\u00f3n ciudadana<\/strong>.<\/p>\n<p>Entre las conclusiones que advirtieron las organizaciones que hicieron el informe se destaca la falta de una ley que regule el<strong> acceso a la informaci\u00f3n p\u00fablica<\/strong>, al tiempo que\u00a0 la ausencia de normativa sobre el <strong><em>lobbying<\/em><\/strong> o cabildeo, lo que a su juicio \u201cincentiva la generaci\u00f3n de intereses extraparlamentarios\u201d.<\/p>\n<p>Se cuestiona, adem\u00e1s, que el acceso a las sesiones y a las comisiones sea restringido; que no sea posible acceder a informaci\u00f3n relacionada con el personal del Congreso, como tampoco a los proveedores de la instituci\u00f3n.<\/p>\n<p>Argentina result\u00f3 en el <strong>\u00faltimo lugar de tres de las cuatro categor\u00edas<\/strong> que se usaron para la evaluaci\u00f3n.<\/p>\n<\/div>\n","protected":false},"excerpt":{"rendered":"<p>El Parlamento figur\u00f3 en los \u00faltimos lugares de un r\u00e1nking que compar\u00f3 el funcionamiento Poder Legislativo en pa\u00edses de Latinoam\u00e9rica. El acceso a la informaci\u00f3n, una de los puntos m\u00e1s bajos. El estudio realizado por la Red Latinoamericana por la Transparencia Legislativa\u00a0 compar\u00f3 la situaci\u00f3n parlamentaria de Argentina, Chile, Colombia, M\u00e9xico y Per\u00fa, y concluy\u00f3&hellip;<\/p>\n","protected":false},"author":1,"featured_media":0,"comment_status":"open","ping_status":"open","sticky":false,"template":"","format":"standard","meta":{"footnotes":""},"categories":[13],"tags":[13709,1481,13707,10964,13708],"class_list":["post-29692","post","type-post","status-publish","format-standard","hentry","category-politica","tag-acceso-a-la-informacion","tag-congreso-de-la-nacion","tag-el-parlamento","tag-poder-legislativo","tag-transparencia"],"_links":{"self":[{"href":"https:\/\/www.elsindical.com.ar\/notas\/wp-json\/wp\/v2\/posts\/29692","targetHints":{"allow":["GET"]}}],"collection":[{"href":"https:\/\/www.elsindical.com.ar\/notas\/wp-json\/wp\/v2\/posts"}],"about":[{"href":"https:\/\/www.elsindical.com.ar\/notas\/wp-json\/wp\/v2\/types\/post"}],"author":[{"embeddable":true,"href":"https:\/\/www.elsindical.com.ar\/notas\/wp-json\/wp\/v2\/users\/1"}],"replies":[{"embeddable":true,"href":"https:\/\/www.elsindical.com.ar\/notas\/wp-json\/wp\/v2\/comments?post=29692"}],"version-history":[{"count":2,"href":"https:\/\/www.elsindical.com.ar\/notas\/wp-json\/wp\/v2\/posts\/29692\/revisions"}],"predecessor-version":[{"id":29694,"href":"https:\/\/www.elsindical.com.ar\/notas\/wp-json\/wp\/v2\/posts\/29692\/revisions\/29694"}],"wp:attachment":[{"href":"https:\/\/www.elsindical.com.ar\/notas\/wp-json\/wp\/v2\/media?parent=29692"}],"wp:term":[{"taxonomy":"category","embeddable":true,"href":"https:\/\/www.elsindical.com.ar\/notas\/wp-json\/wp\/v2\/categories?post=29692"},{"taxonomy":"post_tag","embeddable":true,"href":"https:\/\/www.elsindical.com.ar\/notas\/wp-json\/wp\/v2\/tags?post=29692"}],"curies":[{"name":"wp","href":"https:\/\/api.w.org\/{rel}","templated":true}]}}