{"id":29659,"date":"2012-11-16T02:21:59","date_gmt":"2012-11-16T05:21:59","guid":{"rendered":"http:\/\/www.elsindical.com.ar\/notas\/?p=29659"},"modified":"2012-11-16T02:21:59","modified_gmt":"2012-11-16T05:21:59","slug":"dia-del-trabajador-judicial","status":"publish","type":"post","link":"https:\/\/www.elsindical.com.ar\/notas\/dia-del-trabajador-judicial\/","title":{"rendered":"D\u00eda del trabajador judicial"},"content":{"rendered":"<p style=\"text-align: justify;\"><strong><a href=\"http:\/\/www.elsindical.com.ar\/notas\/var\/www\/html\/notas\/wp-content\/uploads\/2011\/05\/Logo-FJA.jpg\"><img loading=\"lazy\" decoding=\"async\" class=\"alignleft size-full wp-image-14466\" title=\"Logo-FJA\" src=\"http:\/\/www.elsindical.com.ar\/notas\/var\/www\/html\/notas\/wp-content\/uploads\/2011\/05\/Logo-FJA.jpg\" alt=\"\" width=\"180\" height=\"184\" \/><\/a>Este 16 de noviembre, D\u00eda del Trabajador Judicial, conmemoramos el sesenta aniversario del primer intento nacional de organizaci\u00f3n sindical de nuestro gremio. Fue en 1952 y represent\u00f3 un hecho que valoramos altamente porque durante ese Congreso realizado en Catamarca, no solo se conform\u00f3 la Confederaci\u00f3n Judicial Argentina, sino adem\u00e1s porque desde ah\u00ed comenzamos a andar el camino de la defensa de nuestros derechos. Valga recordar que en aquel Congreso se plante\u00f3 la necesidad de la unidad de los judiciales argentinos y, ya entonces, un modelo de remuneraci\u00f3n \u201cproporcional\u201d al sueldo de los magistrados que signific\u00f3 el inicial antecedente concreto del reclamo de porcentualidad.<\/strong><\/p>\n<p style=\"text-align: justify;\">Con el golpe de 1955 la Confederaci\u00f3n fue disuelta, pero en 1958 muchos de esos mismos compa\u00f1eros que la hab\u00edan conformado pusieron en marcha la Federaci\u00f3n Judicial Argentina, precisamente en otro 16 de noviembre.<\/p>\n<p style=\"text-align: justify;\">Hoy, al hacer un recorrido por la historia, la FJA celebra y conmemora las grandes jornadas de lucha de los judiciales y la toma de conciencia de ser trabajadores, de ese orgullo por pertenecer a la clase.<\/p>\n<p style=\"text-align: justify;\">Como tales hemos sido protagonistas de memorables debates. Fuimos parte de la CGT, junto al entra\u00f1able compa\u00f1ero Agust\u00edn Tosco y otros grandes sindicalistas fuimos parte del Movimiento Nacional Intersindical, de la CGT de los Argentinos, participamos de los Comit\u00e9s de Libertad por los Presos Pol\u00edticos en los a\u00f1os \u201870, y ya por 1975 se estaba poniendo en marcha el primer convenio que garantizaba a los judiciales argentinos \u201ca igual trabajo, igual remuneraci\u00f3n\u201d.<\/p>\n<p style=\"text-align: justify;\">Enfrentamos las dictaduras, varios de nuestros compa\u00f1eros han sido secuestrados y desaparecidos, y con ellos tenemos el compromiso de lucha permanente por los derechos humanos, por la democracia y libertad sindical, por la democratizaci\u00f3n del Poder Judicial y por todas las demandas que a trav\u00e9s de sesenta a\u00f1os de historia van jalonando nuestro andar.<\/p>\n<p style=\"text-align: justify;\">Todos los homenajes, todas las fiestas y alegr\u00edas por este nuevo D\u00eda de los Trabajadores Judiciales, es como exclamar que estamos vivos para seguir peleando por la misma causa de los compa\u00f1eros que hoy no est\u00e1n.<\/p>\n<p style=\"text-align: justify;\">En sesenta a\u00f1os de historia tambi\u00e9n rescatamos el constante combate por la democracia sindical, y por aquellos momentos en que recuperamos el sistema de porcentualidad gracias a la pelea de los judiciales en el \u00faltimo per\u00edodo de la dictadura genocida.<\/p>\n<p style=\"text-align: justify;\">Hoy nos encontramos habiendo logrado que la OIT haya reconocido nuestros derechos y condenado al gobierno y a las conservadoras Cortes Supremas de la Naci\u00e7on y de las provincias por no reconocerlos.<\/p>\n<p style=\"text-align: justify;\">Estamos pues en la pelea por la discusi\u00f3n paritaria, y adem\u00e1s por la conformaci\u00f3n de una Justicia con amplia participaci\u00f3n popular en la selecci\u00f3n de magistrados como parte de la democratizaci\u00f3n de la Justicia en cuya actividad acabamos de saludar un nuevo triunfo: la creaci\u00f3n de la Polic\u00eda Judicial en el \u00e1mbito bonaerense, que si bien no es el ideal que reclam\u00e1bamos, representa un importante avance en direcci\u00f3n a promover la independencia real de los Poderes Judiciales frente a los intereses partidarios y econ\u00f3micos de turno.<\/p>\n<p style=\"text-align: justify;\">Es decir, este D\u00eda de los Trabajadores Judiciales nos encuentra librando y ganando batallas, como las que protagonizamos en el marco de discusiones paritarias en Neuqu\u00e9n, Santa Cruz, o Mendoza, y luchando por la porcentualidad en muchas provincias como: Buenos Aires, Chaco, Chubut y La Pampa.<\/p>\n<p style=\"text-align: justify;\">Por eso, hay motivos para celebrar, tambi\u00e9n para no olvidar y para reafirmar principios cimentados a lo largo de estos sesenta a\u00f1os. Vaya entonces un saludo fraterno desde la Federaci\u00f3n Judicial Argentina a todos los trabajadores del Poder Judicial en nuestro D\u00eda.<\/p>\n<p style=\"text-align: justify;\" align=\"center\"><strong>Carlos Ord\u00f3\u00f1ez &#8211; Secretario General<\/strong><\/p>\n<p style=\"text-align: justify;\" align=\"center\"><strong>V\u00edctor Mendibil &#8211; Co-Secretario General<\/strong><\/p>\n<p style=\"text-align: justify;\" align=\"center\"><strong>Jos\u00e9 Luis Ronconi &#8211; Secretario Adjunto<\/strong><\/p>\n<p style=\"text-align: justify;\" align=\"center\"><strong>Mat\u00edas Fachal &#8211; Secretario de Prensa y Difusi\u00f3n<\/strong><\/p>\n","protected":false},"excerpt":{"rendered":"<p>Este 16 de noviembre, D\u00eda del Trabajador Judicial, conmemoramos el sesenta aniversario del primer intento nacional de organizaci\u00f3n sindical de nuestro gremio. Fue en 1952 y represent\u00f3 un hecho que valoramos altamente porque durante ese Congreso realizado en Catamarca, no solo se conform\u00f3 la Confederaci\u00f3n Judicial Argentina, sino adem\u00e1s porque desde ah\u00ed comenzamos a andar&hellip;<\/p>\n","protected":false},"author":1,"featured_media":0,"comment_status":"open","ping_status":"open","sticky":false,"template":"","format":"standard","meta":{"footnotes":""},"categories":[14],"tags":[3064,13691],"class_list":["post-29659","post","type-post","status-publish","format-standard","hentry","category-efemerides","tag-fja","tag-trabajador-judicial"],"_links":{"self":[{"href":"https:\/\/www.elsindical.com.ar\/notas\/wp-json\/wp\/v2\/posts\/29659","targetHints":{"allow":["GET"]}}],"collection":[{"href":"https:\/\/www.elsindical.com.ar\/notas\/wp-json\/wp\/v2\/posts"}],"about":[{"href":"https:\/\/www.elsindical.com.ar\/notas\/wp-json\/wp\/v2\/types\/post"}],"author":[{"embeddable":true,"href":"https:\/\/www.elsindical.com.ar\/notas\/wp-json\/wp\/v2\/users\/1"}],"replies":[{"embeddable":true,"href":"https:\/\/www.elsindical.com.ar\/notas\/wp-json\/wp\/v2\/comments?post=29659"}],"version-history":[{"count":1,"href":"https:\/\/www.elsindical.com.ar\/notas\/wp-json\/wp\/v2\/posts\/29659\/revisions"}],"predecessor-version":[{"id":29660,"href":"https:\/\/www.elsindical.com.ar\/notas\/wp-json\/wp\/v2\/posts\/29659\/revisions\/29660"}],"wp:attachment":[{"href":"https:\/\/www.elsindical.com.ar\/notas\/wp-json\/wp\/v2\/media?parent=29659"}],"wp:term":[{"taxonomy":"category","embeddable":true,"href":"https:\/\/www.elsindical.com.ar\/notas\/wp-json\/wp\/v2\/categories?post=29659"},{"taxonomy":"post_tag","embeddable":true,"href":"https:\/\/www.elsindical.com.ar\/notas\/wp-json\/wp\/v2\/tags?post=29659"}],"curies":[{"name":"wp","href":"https:\/\/api.w.org\/{rel}","templated":true}]}}