{"id":29653,"date":"2012-11-16T02:05:31","date_gmt":"2012-11-16T05:05:31","guid":{"rendered":"http:\/\/www.elsindical.com.ar\/notas\/?p=29653"},"modified":"2012-11-16T02:05:31","modified_gmt":"2012-11-16T05:05:31","slug":"san-luisgrave-accidente-con-una-cadeta-policial-por-un-disparo-en-la-cabeza","status":"publish","type":"post","link":"https:\/\/www.elsindical.com.ar\/notas\/san-luisgrave-accidente-con-una-cadeta-policial-por-un-disparo-en-la-cabeza\/","title":{"rendered":"San Luis:Grave accidente con una cadeta policial por un disparo en la cabeza"},"content":{"rendered":"<p style=\"text-align: justify;\"><em><a href=\"http:\/\/www.elsindical.com.ar\/notas\/var\/www\/html\/notas\/wp-content\/uploads\/2012\/11\/complejo-policial-San-Luis.jpg\"><img loading=\"lazy\" decoding=\"async\" class=\"alignleft size-medium wp-image-29654\" title=\"complejo-policial-San-Luis\" src=\"http:\/\/www.elsindical.com.ar\/notas\/var\/www\/html\/notas\/wp-content\/uploads\/2012\/11\/complejo-policial-San-Luis-300x170.jpg\" alt=\"\" width=\"300\" height=\"170\" srcset=\"https:\/\/www.elsindical.com.ar\/notas\/var\/www\/html\/notas\/wp-content\/uploads\/2012\/11\/complejo-policial-San-Luis-300x170.jpg 300w, https:\/\/www.elsindical.com.ar\/notas\/var\/www\/html\/notas\/wp-content\/uploads\/2012\/11\/complejo-policial-San-Luis-500x283.jpg 500w, https:\/\/www.elsindical.com.ar\/notas\/var\/www\/html\/notas\/wp-content\/uploads\/2012\/11\/complejo-policial-San-Luis.jpg 502w\" sizes=\"auto, (max-width: 300px) 100vw, 300px\" \/><\/a>Sucedi\u00f3 en San Luis. La uniformada recibi\u00f3 un disparo en su cabeza de una pistola 9 mil\u00edmetros. Est\u00e1 en estado cr\u00edtico pero estable.<\/em><\/p>\n<p style=\"text-align: justify;\">Una cadeta de polic\u00eda, que recibi\u00f3 un impacto de arma de fuego en su cabeza durante un entrenamiento, permanec\u00eda hoy <strong>internada en la provincia de San Luis en estado cr\u00edtico pero estable <\/strong>en la unidad de terapia intensiva de un hospital provincial, informaron autoridades m\u00e9dicas.<\/p>\n<p style=\"text-align: justify;\">Fuentes del Complejo Sanitario San Luis reportaron que <strong>la joven tiene un \u201cedema cerebral\u201d<\/strong> producto del aire que ingres\u00f3 por la herida tras recibir un disparo de una pistola 9 mil\u00edmetros en la ceja izquierda, con orificio de salida por la oreja.<\/p>\n<p style=\"text-align: justify;\">El hecho ocurri\u00f3 anoche alrededor de las 20:30 durante un adiestramiento a 2.100 metros de altura en el cerro <strong>Retana<\/strong>, ubicado 30 kil\u00f3metros al norte de la capital provincial, pero reci\u00e9n pudo ser bajada esta madrugada en helic\u00f3ptero<strong> para ser atendida en un centro sanitario adecuado a la complejidad del cuadro<\/strong>.<\/p>\n<p style=\"text-align: justify;\">La joven fue identificada como <strong>Casandra Fern\u00e1ndez<\/strong>, de 23 a\u00f1os, que cursa el tercer a\u00f1o en el Instituto Superior de Seguridad Integral Juan Pascual Pringles, de San Luis.<\/p>\n<p style=\"text-align: justify;\">El gobernador puntano, Claudio Poggi, funcionarios y los m\u00e9dicos del complejo asistencial ofrecieron hoy una conferencia de prensa para explicar los detalles del \u201c<strong>accidente<\/strong>\u201d y la evoluci\u00f3n m\u00e9dica de la cadete.<\/p>\n<p style=\"text-align: justify;\">Diego Masci, jefe del Programa de Seguridad y Planeamiento, inform\u00f3 que la joven recibi\u00f3 un disparo de \u201cun arma 9 mil\u00edmetros de parte de <strong>Walter Miranda, un oficial de polic\u00eda que acompa\u00f1aba la pr\u00e1ctica y que realizaba una demostraci\u00f3n<\/strong>\u201d.<\/p>\n<p style=\"text-align: justify;\">Poggi estuvo hoy, desde las 06:00 hs., en el hospital acompa\u00f1ando a los padres de la joven, y dijo que un hermano de ella, tambi\u00e9n cadete, fue quien <strong>\u201cla contuvo y acompa\u00f1\u00f3 en todo momento<\/strong>\u201d.<\/p>\n<p style=\"text-align: justify;\">Investigan las circunstancias en las que se produjo el hecho, calificado como \u201cun accidente en una pr\u00e1ctica de convivencia\u201d por voceros policiales.<\/p>\n","protected":false},"excerpt":{"rendered":"<p>Sucedi\u00f3 en San Luis. La uniformada recibi\u00f3 un disparo en su cabeza de una pistola 9 mil\u00edmetros. Est\u00e1 en estado cr\u00edtico pero estable. Una cadeta de polic\u00eda, que recibi\u00f3 un impacto de arma de fuego en su cabeza durante un entrenamiento, permanec\u00eda hoy internada en la provincia de San Luis en estado cr\u00edtico pero estable&hellip;<\/p>\n","protected":false},"author":1,"featured_media":0,"comment_status":"open","ping_status":"open","sticky":false,"template":"","format":"standard","meta":{"footnotes":""},"categories":[22],"tags":[7978,371,13684,13685,13687,388,13686,444,30,1234],"class_list":["post-29653","post","type-post","status-publish","format-standard","hentry","category-policiales","tag-9m-m","tag-autoridades","tag-cadeta","tag-casandra-fernandez","tag-claudio-poggi","tag-disparo","tag-instituto-superior-de-seguridad-integral-juan-pascual-pringles","tag-internada","tag-policia","tag-san-luis"],"_links":{"self":[{"href":"https:\/\/www.elsindical.com.ar\/notas\/wp-json\/wp\/v2\/posts\/29653","targetHints":{"allow":["GET"]}}],"collection":[{"href":"https:\/\/www.elsindical.com.ar\/notas\/wp-json\/wp\/v2\/posts"}],"about":[{"href":"https:\/\/www.elsindical.com.ar\/notas\/wp-json\/wp\/v2\/types\/post"}],"author":[{"embeddable":true,"href":"https:\/\/www.elsindical.com.ar\/notas\/wp-json\/wp\/v2\/users\/1"}],"replies":[{"embeddable":true,"href":"https:\/\/www.elsindical.com.ar\/notas\/wp-json\/wp\/v2\/comments?post=29653"}],"version-history":[{"count":1,"href":"https:\/\/www.elsindical.com.ar\/notas\/wp-json\/wp\/v2\/posts\/29653\/revisions"}],"predecessor-version":[{"id":29655,"href":"https:\/\/www.elsindical.com.ar\/notas\/wp-json\/wp\/v2\/posts\/29653\/revisions\/29655"}],"wp:attachment":[{"href":"https:\/\/www.elsindical.com.ar\/notas\/wp-json\/wp\/v2\/media?parent=29653"}],"wp:term":[{"taxonomy":"category","embeddable":true,"href":"https:\/\/www.elsindical.com.ar\/notas\/wp-json\/wp\/v2\/categories?post=29653"},{"taxonomy":"post_tag","embeddable":true,"href":"https:\/\/www.elsindical.com.ar\/notas\/wp-json\/wp\/v2\/tags?post=29653"}],"curies":[{"name":"wp","href":"https:\/\/api.w.org\/{rel}","templated":true}]}}