{"id":29621,"date":"2012-11-15T11:51:04","date_gmt":"2012-11-15T14:51:04","guid":{"rendered":"http:\/\/www.elsindical.com.ar\/notas\/?p=29621"},"modified":"2012-11-15T11:51:04","modified_gmt":"2012-11-15T14:51:04","slug":"rosarioasesinaron-a-policia-y-su-padre-murio-de-un-infarto-al-enterarse-de-la-noticia","status":"publish","type":"post","link":"https:\/\/www.elsindical.com.ar\/notas\/rosarioasesinaron-a-policia-y-su-padre-murio-de-un-infarto-al-enterarse-de-la-noticia\/","title":{"rendered":"Rosario:Asesinaron a polic\u00eda y su padre muri\u00f3 de un infarto al enterarse de la noticia"},"content":{"rendered":"<p style=\"text-align: justify;\"><em><a href=\"http:\/\/www.elsindical.com.ar\/notas\/var\/www\/html\/notas\/wp-content\/uploads\/2012\/11\/morguera-Rosario.jpg\"><img loading=\"lazy\" decoding=\"async\" class=\"alignleft size-medium wp-image-29622\" title=\"morguera-Rosario\" src=\"http:\/\/www.elsindical.com.ar\/notas\/var\/www\/html\/notas\/wp-content\/uploads\/2012\/11\/morguera-Rosario-300x224.jpg\" alt=\"\" width=\"300\" height=\"224\" srcset=\"https:\/\/www.elsindical.com.ar\/notas\/var\/www\/html\/notas\/wp-content\/uploads\/2012\/11\/morguera-Rosario-300x224.jpg 300w, https:\/\/www.elsindical.com.ar\/notas\/var\/www\/html\/notas\/wp-content\/uploads\/2012\/11\/morguera-Rosario-400x300.jpg 400w, https:\/\/www.elsindical.com.ar\/notas\/var\/www\/html\/notas\/wp-content\/uploads\/2012\/11\/morguera-Rosario.jpg 443w\" sizes=\"auto, (max-width: 300px) 100vw, 300px\" \/><\/a>Los asaltantes, luego de dispararle al polic\u00eda, le robaron su placa y su arma reglamentaria, pero dejaron en el lugar la moto que hab\u00edan intentado robar. El padre de la v\u00edctima, quien estaba de viaje en C\u00f3rdoba, falleci\u00f3 al enterarse del tr\u00e1gico final que tuvo su hijo.<\/em><\/p>\n<p style=\"text-align: justify;\">Cristian Oyola ten\u00eda 23 a\u00f1os y trabajaba en el Comando Radioel\u00e9ctrico. Esta madrugada, cuando llegaba a su casa de Casilda al 1600, dos delincuentes quisieron robarle la moto y como se resisti\u00f3 lo mataron de un disparo en la cabeza.<\/p>\n<p style=\"text-align: justify;\">\u00abSiento un terrible dolor. Lo mataron como a un perro por una moto que ni siquiera se la llevaron. As\u00ed fue, en la puerta de la casa, y es un n\u00famero m\u00e1s. Le tiraron tres veces a la cabeza \u00ab, afirm\u00f3 Cintia, hermana de Cristian, en declaraciones.<\/p>\n<p style=\"text-align: justify;\">Los asaltantes dejaron la moto en el lugar, pero se llevaron tanto el arma reglamentaria, una pistola calibre 9 mil\u00edmetros, como la placa perteneciente al efectivo de la Polic\u00eda.<\/p>\n<p style=\"text-align: justify;\">En tanto, Oyola, quien trabajaba en el Comando Radioel\u00e9ctrico de la Polic\u00eda local, fue llevado de urgencia al Centro de Emergencias de Rosario, donde muri\u00f3 a pesar del esfuerzo de los m\u00e9dicos de guardia por intentar salvarlo.<\/p>\n<p style=\"text-align: justify;\">En el caso tomaron intervenci\u00f3n efectivos de la comisar\u00eda 8va de esta ciudad y personal del Juzgado de Instrucci\u00f3n n\u00famero 5.<\/p>\n<p style=\"text-align: justify;\">Hasta el momento, a pesar del operativo desplegado por los investigadores, los autores del crimen permanec\u00edan pr\u00f3fugos, de acuerdo con lo indicado por las fuentes.<\/p>\n","protected":false},"excerpt":{"rendered":"<p>Los asaltantes, luego de dispararle al polic\u00eda, le robaron su placa y su arma reglamentaria, pero dejaron en el lugar la moto que hab\u00edan intentado robar. El padre de la v\u00edctima, quien estaba de viaje en C\u00f3rdoba, falleci\u00f3 al enterarse del tr\u00e1gico final que tuvo su hijo. Cristian Oyola ten\u00eda 23 a\u00f1os y trabajaba en&hellip;<\/p>\n","protected":false},"author":1,"featured_media":0,"comment_status":"open","ping_status":"open","sticky":false,"template":"","format":"standard","meta":{"footnotes":""},"categories":[22],"tags":[363,153,359,30,2208,609],"class_list":["post-29621","post","type-post","status-publish","format-standard","hentry","category-policiales","tag-asesinato","tag-cordoba","tag-padre","tag-policia","tag-rosario","tag-santa-fe"],"_links":{"self":[{"href":"https:\/\/www.elsindical.com.ar\/notas\/wp-json\/wp\/v2\/posts\/29621","targetHints":{"allow":["GET"]}}],"collection":[{"href":"https:\/\/www.elsindical.com.ar\/notas\/wp-json\/wp\/v2\/posts"}],"about":[{"href":"https:\/\/www.elsindical.com.ar\/notas\/wp-json\/wp\/v2\/types\/post"}],"author":[{"embeddable":true,"href":"https:\/\/www.elsindical.com.ar\/notas\/wp-json\/wp\/v2\/users\/1"}],"replies":[{"embeddable":true,"href":"https:\/\/www.elsindical.com.ar\/notas\/wp-json\/wp\/v2\/comments?post=29621"}],"version-history":[{"count":1,"href":"https:\/\/www.elsindical.com.ar\/notas\/wp-json\/wp\/v2\/posts\/29621\/revisions"}],"predecessor-version":[{"id":29623,"href":"https:\/\/www.elsindical.com.ar\/notas\/wp-json\/wp\/v2\/posts\/29621\/revisions\/29623"}],"wp:attachment":[{"href":"https:\/\/www.elsindical.com.ar\/notas\/wp-json\/wp\/v2\/media?parent=29621"}],"wp:term":[{"taxonomy":"category","embeddable":true,"href":"https:\/\/www.elsindical.com.ar\/notas\/wp-json\/wp\/v2\/categories?post=29621"},{"taxonomy":"post_tag","embeddable":true,"href":"https:\/\/www.elsindical.com.ar\/notas\/wp-json\/wp\/v2\/tags?post=29621"}],"curies":[{"name":"wp","href":"https:\/\/api.w.org\/{rel}","templated":true}]}}