{"id":29572,"date":"2012-11-14T16:26:32","date_gmt":"2012-11-14T19:26:32","guid":{"rendered":"http:\/\/www.elsindical.com.ar\/notas\/?p=29572"},"modified":"2012-11-14T16:26:32","modified_gmt":"2012-11-14T19:26:32","slug":"la-matanzadesbaratan-una-peligrosa-banda-y-detienen-a-15-personas-en-provincia","status":"publish","type":"post","link":"https:\/\/www.elsindical.com.ar\/notas\/la-matanzadesbaratan-una-peligrosa-banda-y-detienen-a-15-personas-en-provincia\/","title":{"rendered":"La Matanza:Desbaratan una peligrosa banda y detienen a 15 personas en Provincia"},"content":{"rendered":"<p style=\"text-align: justify;\"><em><a href=\"http:\/\/www.elsindical.com.ar\/notas\/var\/www\/html\/notas\/wp-content\/uploads\/2012\/11\/armas-secuestradas-La-Matanza1.jpg\"><img loading=\"lazy\" decoding=\"async\" class=\"alignleft size-medium wp-image-29574\" title=\"armas-secuestradas-La-Matanza\" src=\"http:\/\/www.elsindical.com.ar\/notas\/var\/www\/html\/notas\/wp-content\/uploads\/2012\/11\/armas-secuestradas-La-Matanza1-300x224.jpg\" alt=\"\" width=\"300\" height=\"224\" srcset=\"https:\/\/www.elsindical.com.ar\/notas\/var\/www\/html\/notas\/wp-content\/uploads\/2012\/11\/armas-secuestradas-La-Matanza1-300x224.jpg 300w, https:\/\/www.elsindical.com.ar\/notas\/var\/www\/html\/notas\/wp-content\/uploads\/2012\/11\/armas-secuestradas-La-Matanza1-400x300.jpg 400w, https:\/\/www.elsindical.com.ar\/notas\/var\/www\/html\/notas\/wp-content\/uploads\/2012\/11\/armas-secuestradas-La-Matanza1.jpg 502w\" sizes=\"auto, (max-width: 300px) 100vw, 300px\" \/><\/a>El gobernador <strong>Daniel<\/strong> <strong>Scioli<\/strong> resalt\u00f3 el operativo de la Bonaerense, que logr\u00f3 desarticular a una<strong> poderosa organizaci\u00f3n criminal<\/strong> que operaba en<strong> entraderas y robo de veh\u00edculos<\/strong>. Se incautaron <strong>armas de grueso calibre<\/strong>.<\/em><\/p>\n<p style=\"text-align: justify;\">Una <strong>poderosa organizaci\u00f3n<\/strong> criminal fue desbaratada en las \u00faltimas horas por obra de un importante operativo de la <strong>polic\u00eda bonaerense.<\/strong><\/p>\n<p style=\"text-align: justify;\">A trav\u00e9s del accionar policial se logr\u00f3 la <strong>detenci\u00f3n de 15 delincuentes<\/strong> pertenecientes al grupo criminal conocido como <strong>\u201cLa banda de Rony\u201d<\/strong>, el cual contaba con un alto poder de fuego.<\/p>\n<p style=\"text-align: justify;\">Tras una serie de allanamientos se logr\u00f3 incautar una<strong> gran cantidad de armas<\/strong> de distinto calibre, al igual que diversos proyectiles con un alto poder de penetraci\u00f3n<\/p>\n<p style=\"text-align: justify;\">Tambi\u00e9n, seg\u00fan asegur\u00f3 el gobernador <strong>Daniel Scioli<\/strong>, quien ofreci\u00f3 una conferencia de prensa junto al ministro de Justicia y Seguridad,<strong> Ricardo Casal,<\/strong>\u00a0 se secuestraron<strong> \u201cpistolas que se convierten en ametralladoras\u201d<\/strong>, una granada y diverso material log\u00edstico, como celulares y chalecos antibalas.<\/p>\n","protected":false},"excerpt":{"rendered":"<p>El gobernador Daniel Scioli resalt\u00f3 el operativo de la Bonaerense, que logr\u00f3 desarticular a una poderosa organizaci\u00f3n criminal que operaba en entraderas y robo de veh\u00edculos. Se incautaron armas de grueso calibre. Una poderosa organizaci\u00f3n criminal fue desbaratada en las \u00faltimas horas por obra de un importante operativo de la polic\u00eda bonaerense. A trav\u00e9s del&hellip;<\/p>\n","protected":false},"author":1,"featured_media":0,"comment_status":"open","ping_status":"open","sticky":false,"template":"","format":"standard","meta":{"footnotes":""},"categories":[22],"tags":[424,983,13642,1401,13643],"class_list":["post-29572","post","type-post","status-publish","format-standard","hentry","category-policiales","tag-armas","tag-daniel-scioli","tag-grueso-calibre","tag-la-matanza","tag-organizacion-criminal"],"_links":{"self":[{"href":"https:\/\/www.elsindical.com.ar\/notas\/wp-json\/wp\/v2\/posts\/29572","targetHints":{"allow":["GET"]}}],"collection":[{"href":"https:\/\/www.elsindical.com.ar\/notas\/wp-json\/wp\/v2\/posts"}],"about":[{"href":"https:\/\/www.elsindical.com.ar\/notas\/wp-json\/wp\/v2\/types\/post"}],"author":[{"embeddable":true,"href":"https:\/\/www.elsindical.com.ar\/notas\/wp-json\/wp\/v2\/users\/1"}],"replies":[{"embeddable":true,"href":"https:\/\/www.elsindical.com.ar\/notas\/wp-json\/wp\/v2\/comments?post=29572"}],"version-history":[{"count":1,"href":"https:\/\/www.elsindical.com.ar\/notas\/wp-json\/wp\/v2\/posts\/29572\/revisions"}],"predecessor-version":[{"id":29575,"href":"https:\/\/www.elsindical.com.ar\/notas\/wp-json\/wp\/v2\/posts\/29572\/revisions\/29575"}],"wp:attachment":[{"href":"https:\/\/www.elsindical.com.ar\/notas\/wp-json\/wp\/v2\/media?parent=29572"}],"wp:term":[{"taxonomy":"category","embeddable":true,"href":"https:\/\/www.elsindical.com.ar\/notas\/wp-json\/wp\/v2\/categories?post=29572"},{"taxonomy":"post_tag","embeddable":true,"href":"https:\/\/www.elsindical.com.ar\/notas\/wp-json\/wp\/v2\/tags?post=29572"}],"curies":[{"name":"wp","href":"https:\/\/api.w.org\/{rel}","templated":true}]}}