{"id":29549,"date":"2012-11-14T02:22:06","date_gmt":"2012-11-14T05:22:06","guid":{"rendered":"http:\/\/www.elsindical.com.ar\/notas\/?p=29549"},"modified":"2012-11-14T02:22:34","modified_gmt":"2012-11-14T05:22:34","slug":"29549","status":"publish","type":"post","link":"https:\/\/www.elsindical.com.ar\/notas\/29549\/","title":{"rendered":"Feliz cumplea\u00f1os, gracias pap\u00e1"},"content":{"rendered":"<div id=\"id_50a3287e576639d93621147\" style=\"text-align: justify;\"><a href=\"http:\/\/www.elsindical.com.ar\/notas\/var\/www\/html\/notas\/wp-content\/uploads\/2012\/11\/coraz\u00f3n-ardiente.jpg\"><img loading=\"lazy\" decoding=\"async\" class=\"alignleft size-medium wp-image-29550\" title=\"coraz\u00f3n-ardiente\" src=\"http:\/\/www.elsindical.com.ar\/notas\/var\/www\/html\/notas\/wp-content\/uploads\/2012\/11\/coraz\u00f3n-ardiente-252x300.jpg\" alt=\"\" width=\"252\" height=\"300\" srcset=\"https:\/\/www.elsindical.com.ar\/notas\/var\/www\/html\/notas\/wp-content\/uploads\/2012\/11\/coraz\u00f3n-ardiente-252x300.jpg 252w, https:\/\/www.elsindical.com.ar\/notas\/var\/www\/html\/notas\/wp-content\/uploads\/2012\/11\/coraz\u00f3n-ardiente.jpg 325w\" sizes=\"auto, (max-width: 252px) 100vw, 252px\" \/><\/a>Hoy, deber\u00eda ser un d\u00eda en el que con un llamado uno simplemente dir\u00eda feliz cumplea\u00f1os, y seguramente olvidar\u00eda decir gracias, porque a pesar de las diferencias que uno tiene cuando crece, con el tiempo tambi\u00e9n esas diferencias se caen, y sin que exista otra cosa m\u00e1s fuerte que el lazo familiar, el amor de sus integrantes, uno se siente m\u00e1s unido, se comparten charlas, las opiniones son mejor escuchadas y siempre hay algo pendiente para charlar.<\/div>\n<div style=\"text-align: justify;\"><\/div>\n<div style=\"text-align: justify;\">Lamentablemente nunca sabemos cuando quedaran esas charlas y cuanto nos queda por contar, la vida tiene estos momentos donde es inevitable sentir que la ausencia nos duele, por m\u00e1s que hayamos podido disfrutar de esos momentos \u00fanicos entre padre he hijo.<\/div>\n<div style=\"text-align: justify;\"><\/div>\n<div style=\"text-align: justify;\">Feliz cumplea\u00f1os, pap\u00e1, hoy m\u00e1s que recordarte te evoco, porque vives en m\u00ed y en el coraz\u00f3n de todos los que somos tu familia. No hay un adi\u00f3s, sino un hasta luego, gracias por todo, porque en tus silencios descubr\u00ed las palabras que no sonar\u00edan del mismo modo en mis o\u00eddos, que en mi coraz\u00f3n. Que la luz siempre ilumine nuestras almas.<\/div>\n<div style=\"text-align: justify;\"><\/div>\n<div style=\"text-align: justify;\"><\/div>\n<div style=\"text-align: justify;\"><a href=\"http:\/\/www.elsindical.com.ar\/notas\/var\/www\/html\/notas\/wp-content\/uploads\/2012\/11\/Andr\u00e9s-Hawrylciw.jpg\"><img loading=\"lazy\" decoding=\"async\" class=\"alignleft size-medium wp-image-29551\" title=\"Andr\u00e9s-Hawrylciw\" src=\"http:\/\/www.elsindical.com.ar\/notas\/var\/www\/html\/notas\/wp-content\/uploads\/2012\/11\/Andr\u00e9s-Hawrylciw-300x240.jpg\" alt=\"\" width=\"300\" height=\"240\" srcset=\"https:\/\/www.elsindical.com.ar\/notas\/var\/www\/html\/notas\/wp-content\/uploads\/2012\/11\/Andr\u00e9s-Hawrylciw-300x240.jpg 300w, https:\/\/www.elsindical.com.ar\/notas\/var\/www\/html\/notas\/wp-content\/uploads\/2012\/11\/Andr\u00e9s-Hawrylciw-374x300.jpg 374w, https:\/\/www.elsindical.com.ar\/notas\/var\/www\/html\/notas\/wp-content\/uploads\/2012\/11\/Andr\u00e9s-Hawrylciw.jpg 531w\" sizes=\"auto, (max-width: 300px) 100vw, 300px\" \/><\/a><\/div>\n","protected":false},"excerpt":{"rendered":"<p>Hoy, deber\u00eda ser un d\u00eda en el que con un llamado uno simplemente dir\u00eda feliz cumplea\u00f1os, y seguramente olvidar\u00eda decir gracias, porque a pesar de las diferencias que uno tiene cuando crece, con el tiempo tambi\u00e9n esas diferencias se caen, y sin que exista otra cosa m\u00e1s fuerte que el lazo familiar, el amor de&hellip;<\/p>\n","protected":false},"author":1,"featured_media":0,"comment_status":"open","ping_status":"open","sticky":false,"template":"","format":"standard","meta":{"footnotes":""},"categories":[10],"tags":[13629,13627,718,147,3253,359,3077,13628],"class_list":["post-29549","post","type-post","status-publish","format-standard","hentry","category-editorial","tag-almas","tag-andres-hawrylciw","tag-cumpleanos","tag-familia","tag-memoria","tag-padre","tag-papa","tag-recuerdo"],"_links":{"self":[{"href":"https:\/\/www.elsindical.com.ar\/notas\/wp-json\/wp\/v2\/posts\/29549","targetHints":{"allow":["GET"]}}],"collection":[{"href":"https:\/\/www.elsindical.com.ar\/notas\/wp-json\/wp\/v2\/posts"}],"about":[{"href":"https:\/\/www.elsindical.com.ar\/notas\/wp-json\/wp\/v2\/types\/post"}],"author":[{"embeddable":true,"href":"https:\/\/www.elsindical.com.ar\/notas\/wp-json\/wp\/v2\/users\/1"}],"replies":[{"embeddable":true,"href":"https:\/\/www.elsindical.com.ar\/notas\/wp-json\/wp\/v2\/comments?post=29549"}],"version-history":[{"count":2,"href":"https:\/\/www.elsindical.com.ar\/notas\/wp-json\/wp\/v2\/posts\/29549\/revisions"}],"predecessor-version":[{"id":29553,"href":"https:\/\/www.elsindical.com.ar\/notas\/wp-json\/wp\/v2\/posts\/29549\/revisions\/29553"}],"wp:attachment":[{"href":"https:\/\/www.elsindical.com.ar\/notas\/wp-json\/wp\/v2\/media?parent=29549"}],"wp:term":[{"taxonomy":"category","embeddable":true,"href":"https:\/\/www.elsindical.com.ar\/notas\/wp-json\/wp\/v2\/categories?post=29549"},{"taxonomy":"post_tag","embeddable":true,"href":"https:\/\/www.elsindical.com.ar\/notas\/wp-json\/wp\/v2\/tags?post=29549"}],"curies":[{"name":"wp","href":"https:\/\/api.w.org\/{rel}","templated":true}]}}