{"id":29503,"date":"2012-11-13T14:48:59","date_gmt":"2012-11-13T17:48:59","guid":{"rendered":"http:\/\/www.elsindical.com.ar\/notas\/?p=29503"},"modified":"2012-11-13T14:48:59","modified_gmt":"2012-11-13T17:48:59","slug":"gobierno-multara-a-edenor-y-a-edesur-por-158-millones","status":"publish","type":"post","link":"https:\/\/www.elsindical.com.ar\/notas\/gobierno-multara-a-edenor-y-a-edesur-por-158-millones\/","title":{"rendered":"Gobierno multar\u00e1 a Edenor y a Edesur por $158 millones"},"content":{"rendered":"<div style=\"text-align: justify;\">\n<p><em><a href=\"http:\/\/www.elsindical.com.ar\/notas\/var\/www\/html\/notas\/wp-content\/uploads\/2012\/11\/De-Vido-conferencia-cortes-de-luz.jpg\"><img loading=\"lazy\" decoding=\"async\" class=\"alignleft size-medium wp-image-29345\" title=\"De-Vido-conferencia-cortes-de-luz\" src=\"http:\/\/www.elsindical.com.ar\/notas\/var\/www\/html\/notas\/wp-content\/uploads\/2012\/11\/De-Vido-conferencia-cortes-de-luz-300x224.jpg\" alt=\"\" width=\"300\" height=\"224\" srcset=\"https:\/\/www.elsindical.com.ar\/notas\/var\/www\/html\/notas\/wp-content\/uploads\/2012\/11\/De-Vido-conferencia-cortes-de-luz-300x224.jpg 300w, https:\/\/www.elsindical.com.ar\/notas\/var\/www\/html\/notas\/wp-content\/uploads\/2012\/11\/De-Vido-conferencia-cortes-de-luz-400x300.jpg 400w, https:\/\/www.elsindical.com.ar\/notas\/var\/www\/html\/notas\/wp-content\/uploads\/2012\/11\/De-Vido-conferencia-cortes-de-luz.jpg 502w\" sizes=\"auto, (max-width: 300px) 100vw, 300px\" \/><\/a>El Ministerio de Planificaci\u00f3n Federal instruy\u00f3 al ENRE a que inicie el proceso sancionatorio contra las distribuidoras el\u00e9ctricas. Es por el corte en el servicio de la semana pasada, incluyendo el del <strong>mi\u00e9rcoles 7 de noviembre<\/strong>. Habr\u00e1 indemnizaciones para los usuarios.<\/em><\/p>\n<\/div>\n<div style=\"text-align: justify;\">\n<p>El gobierno nacional adelant\u00f3 a trav\u00e9s de un comunicado de prensa que se iniciar\u00e1 el proceso correspondiente para sancionar a las distribuidoras el\u00e9ctricas <strong>Edesur<\/strong> y <strong>Edenor<\/strong>.<\/p>\n<p>\u00abAnte las interrupciones en el suministro el\u00e9ctrico que se produjeron desde la semana pasada, en algunos casos prolongadas, el ministro de Planificacion Federal, Inversi\u00f3n P\u00fablica y Servicios, Julio de Vido, instruy\u00f3 hoy al directorio del Ente Nacional Regulador de la Electricidad (ENRE) a iniciar un proceso sancionatorio a las empresas Edenor y Edesur <strong>que incluye multas y resarcimientos para los usuarios por un total estimado de 158 millones de pesos<\/strong>\u201d, se inform\u00f3.<\/p>\n<p>En el escrito,\u00a0se inform\u00f3 que la compensaci\u00f3n para los usuarios que estuvieron sin servicio durante m\u00e1s de 48 horas ser\u00e1 de $450; quienes estuvieron sin luz entre 24 y 48 horas, $350; y para los afectados entre 12 y 24 horas, 180 pesos.<\/p>\n<p>Del total estimado de las sanciones, 129 millones de pesos corresponder\u00edan a Edesur y 29 millones a Edenor, adelant\u00f3 la cartera que conduce De Vido.<\/p>\n<p>Los fundamentos de la medida apuntan a la demora en la restituci\u00f3n del servicio. Adem\u00e1s, el ENRE exigir\u00e1 a las empresas que arbitren \u00ablos recaudos necesarios para evitar la ocurrencia de estos eventos\u00bb.<\/p>\n<p>\u00abEn cuanto a las multas a las distribuidoras por incumplir con su obligaci\u00f3n de abastecimiento de energ\u00eda, mantenimiento de par\u00e1metros de calidad de servicio y la debida garant\u00eda que como concesionarios deben brindar, se aplicar\u00e1 un monto estimado de 18 millones de pesos a la empresa Edesur y de 5.500.000 pesos a Edenor\u00bb, apunt\u00f3 el ministerio.<\/p>\n<p><strong>Los usuarios que hayan sido afectados en forma directa por la falta del suministro o sufrido da\u00f1os en sus aparatos el\u00e9ctricos ya sea por corte de energ\u00eda o baja tensi\u00f3n mantendr\u00e1n su derecho de reclamo, independientemente de las multas o las indemnizaciones que pudieran recibir producto de la medida anunciada hoy. <\/strong><\/p>\n<p>La semana pasada, un importante apag\u00f3n afect\u00f3 a gran parte del centro del pa\u00eds. La falla m\u00e1s grande se registr\u00f3 el mi\u00e9rcoles 7 de noviembre. El Gobierno habl\u00f3 de la posibilidad de un sabotaje, mientras que el gremialista Oscar Lescano inform\u00f3 que se cay\u00f3 un \u00e1rbol, en la zona sur del Conurbano.<\/p>\n<\/div>\n","protected":false},"excerpt":{"rendered":"<p>El Ministerio de Planificaci\u00f3n Federal instruy\u00f3 al ENRE a que inicie el proceso sancionatorio contra las distribuidoras el\u00e9ctricas. Es por el corte en el servicio de la semana pasada, incluyendo el del mi\u00e9rcoles 7 de noviembre. Habr\u00e1 indemnizaciones para los usuarios. El gobierno nacional adelant\u00f3 a trav\u00e9s de un comunicado de prensa que se iniciar\u00e1&hellip;<\/p>\n","protected":false},"author":1,"featured_media":0,"comment_status":"open","ping_status":"open","sticky":false,"template":"","format":"standard","meta":{"footnotes":""},"categories":[13],"tags":[2973,374,3764,4017,1537,3056,376],"class_list":["post-29503","post","type-post","status-publish","format-standard","hentry","category-politica","tag-edenor","tag-edesur","tag-enre","tag-ministerio-de-planificacion-federal","tag-multas","tag-sanciones","tag-usuarios"],"_links":{"self":[{"href":"https:\/\/www.elsindical.com.ar\/notas\/wp-json\/wp\/v2\/posts\/29503","targetHints":{"allow":["GET"]}}],"collection":[{"href":"https:\/\/www.elsindical.com.ar\/notas\/wp-json\/wp\/v2\/posts"}],"about":[{"href":"https:\/\/www.elsindical.com.ar\/notas\/wp-json\/wp\/v2\/types\/post"}],"author":[{"embeddable":true,"href":"https:\/\/www.elsindical.com.ar\/notas\/wp-json\/wp\/v2\/users\/1"}],"replies":[{"embeddable":true,"href":"https:\/\/www.elsindical.com.ar\/notas\/wp-json\/wp\/v2\/comments?post=29503"}],"version-history":[{"count":1,"href":"https:\/\/www.elsindical.com.ar\/notas\/wp-json\/wp\/v2\/posts\/29503\/revisions"}],"predecessor-version":[{"id":29504,"href":"https:\/\/www.elsindical.com.ar\/notas\/wp-json\/wp\/v2\/posts\/29503\/revisions\/29504"}],"wp:attachment":[{"href":"https:\/\/www.elsindical.com.ar\/notas\/wp-json\/wp\/v2\/media?parent=29503"}],"wp:term":[{"taxonomy":"category","embeddable":true,"href":"https:\/\/www.elsindical.com.ar\/notas\/wp-json\/wp\/v2\/categories?post=29503"},{"taxonomy":"post_tag","embeddable":true,"href":"https:\/\/www.elsindical.com.ar\/notas\/wp-json\/wp\/v2\/tags?post=29503"}],"curies":[{"name":"wp","href":"https:\/\/api.w.org\/{rel}","templated":true}]}}