{"id":29500,"date":"2012-11-13T04:56:28","date_gmt":"2012-11-13T07:56:28","guid":{"rendered":"http:\/\/www.elsindical.com.ar\/notas\/?p=29500"},"modified":"2012-11-13T04:56:28","modified_gmt":"2012-11-13T07:56:28","slug":"aparecio-antonella-la-menor-que-se-habia-extraviado-tras-asistir-a-la-tv","status":"publish","type":"post","link":"https:\/\/www.elsindical.com.ar\/notas\/aparecio-antonella-la-menor-que-se-habia-extraviado-tras-asistir-a-la-tv\/","title":{"rendered":"Apareci\u00f3 Antonella, la menor que se hab\u00eda extraviado tras asistir a la TV"},"content":{"rendered":"<p style=\"text-align: justify;\"><em><a href=\"http:\/\/www.elsindical.com.ar\/notas\/var\/www\/html\/notas\/wp-content\/uploads\/2012\/11\/Antonella-Giardina.jpg\"><img loading=\"lazy\" decoding=\"async\" class=\"alignleft size-medium wp-image-29395\" title=\"Antonella-Giardina\" src=\"http:\/\/www.elsindical.com.ar\/notas\/var\/www\/html\/notas\/wp-content\/uploads\/2012\/11\/Antonella-Giardina-300x224.jpg\" alt=\"\" width=\"300\" height=\"224\" srcset=\"https:\/\/www.elsindical.com.ar\/notas\/var\/www\/html\/notas\/wp-content\/uploads\/2012\/11\/Antonella-Giardina-300x224.jpg 300w, https:\/\/www.elsindical.com.ar\/notas\/var\/www\/html\/notas\/wp-content\/uploads\/2012\/11\/Antonella-Giardina-400x300.jpg 400w, https:\/\/www.elsindical.com.ar\/notas\/var\/www\/html\/notas\/wp-content\/uploads\/2012\/11\/Antonella-Giardina.jpg 502w\" sizes=\"auto, (max-width: 300px) 100vw, 300px\" \/><\/a>La joven, de 15 a\u00f1os y con una leve discapacidad mental, se encontraba <a href=\"http:\/\/www.elsindical.com.ar\/notas\/avellanedadenuncian-el-secuestro-de-una-menor-y-mal-desempeno-de-la-fiscalia-local\/\">desaparecida<\/a> desde principio de mes, tras la emisi\u00f3n del programa Pasi\u00f3n de s\u00e1bado. Apareci\u00f3 en una casa de la localidad de Gonnet<strong> sin signos de violencia<\/strong>.<\/em><\/p>\n<div style=\"text-align: justify;\">\n<p>Mientras sus padres y su hermana esperan para poder volver a su domicilio, la joven es atendida por personal de la <strong>DDI de Lomas de Zamora<\/strong>, donde la polic\u00eda la traslad\u00f3 para realizar la revisaci\u00f3n m\u00e9dica y el encuentro con el personal psicol\u00f3gico.<\/p>\n<p>La b\u00fasqueda de la menor se hab\u00eda iniciado <strong>el pasado 3 de noviembre<\/strong>, cuando se retir\u00f3 acompa\u00f1ada de un joven conocido como \u00abJes\u00fas\u00bb, seg\u00fan se observaba en las c\u00e1maras de seguridad.<\/p>\n<p>Antonella fue hallada por un grupo de detectives en <strong>una casa de la localidad de Gonnet<\/strong>, junto con el joven de 23 a\u00f1os, con el que <strong>se habr\u00eda ido por sus propios medios<\/strong>, y no contra su voluntad, seg\u00fan aclaran.<\/p>\n<p>Oriunda de Lan\u00fas, Antonella padece un leve retraso mental por el que <strong>se comporta como una nena de 11 a\u00f1os<\/strong>, adem\u00e1s de<strong> padecer epilepsia<\/strong>, seg\u00fan comentaba la madre, quien se encontraba preocupada por el hecho de que a su hija le faltara la medicaci\u00f3n en estos d\u00edas.<\/p>\n<\/div>\n","protected":false},"excerpt":{"rendered":"<p>La joven, de 15 a\u00f1os y con una leve discapacidad mental, se encontraba desaparecida desde principio de mes, tras la emisi\u00f3n del programa Pasi\u00f3n de s\u00e1bado. Apareci\u00f3 en una casa de la localidad de Gonnet sin signos de violencia. Mientras sus padres y su hermana esperan para poder volver a su domicilio, la joven es&hellip;<\/p>\n","protected":false},"author":1,"featured_media":0,"comment_status":"open","ping_status":"open","sticky":false,"template":"","format":"standard","meta":{"footnotes":""},"categories":[25],"tags":[13599,1991,973,4015,5645,209,489],"class_list":["post-29500","post","type-post","status-publish","format-standard","hentry","category-sociedad","tag-antonella","tag-ddi","tag-desaparecida","tag-gonnet","tag-hermana","tag-lanus","tag-padres"],"_links":{"self":[{"href":"https:\/\/www.elsindical.com.ar\/notas\/wp-json\/wp\/v2\/posts\/29500","targetHints":{"allow":["GET"]}}],"collection":[{"href":"https:\/\/www.elsindical.com.ar\/notas\/wp-json\/wp\/v2\/posts"}],"about":[{"href":"https:\/\/www.elsindical.com.ar\/notas\/wp-json\/wp\/v2\/types\/post"}],"author":[{"embeddable":true,"href":"https:\/\/www.elsindical.com.ar\/notas\/wp-json\/wp\/v2\/users\/1"}],"replies":[{"embeddable":true,"href":"https:\/\/www.elsindical.com.ar\/notas\/wp-json\/wp\/v2\/comments?post=29500"}],"version-history":[{"count":2,"href":"https:\/\/www.elsindical.com.ar\/notas\/wp-json\/wp\/v2\/posts\/29500\/revisions"}],"predecessor-version":[{"id":29502,"href":"https:\/\/www.elsindical.com.ar\/notas\/wp-json\/wp\/v2\/posts\/29500\/revisions\/29502"}],"wp:attachment":[{"href":"https:\/\/www.elsindical.com.ar\/notas\/wp-json\/wp\/v2\/media?parent=29500"}],"wp:term":[{"taxonomy":"category","embeddable":true,"href":"https:\/\/www.elsindical.com.ar\/notas\/wp-json\/wp\/v2\/categories?post=29500"},{"taxonomy":"post_tag","embeddable":true,"href":"https:\/\/www.elsindical.com.ar\/notas\/wp-json\/wp\/v2\/tags?post=29500"}],"curies":[{"name":"wp","href":"https:\/\/api.w.org\/{rel}","templated":true}]}}