{"id":29421,"date":"2012-11-10T09:29:39","date_gmt":"2012-11-10T12:29:39","guid":{"rendered":"http:\/\/www.elsindical.com.ar\/notas\/?p=29421"},"modified":"2012-11-10T09:29:39","modified_gmt":"2012-11-10T12:29:39","slug":"murio-la-modelo-julieta-gomez","status":"publish","type":"post","link":"https:\/\/www.elsindical.com.ar\/notas\/murio-la-modelo-julieta-gomez\/","title":{"rendered":"Muri\u00f3 la modelo Julieta Gom\u00e9z"},"content":{"rendered":"<p style=\"text-align: justify;\"><em><a href=\"http:\/\/www.elsindical.com.ar\/notas\/var\/www\/html\/notas\/wp-content\/uploads\/2012\/11\/Julieta-G\u00f3mez-y-pareja.jpg\"><img loading=\"lazy\" decoding=\"async\" class=\"alignleft size-medium wp-image-29422\" title=\"Julieta-G\u00f3mez-y-pareja\" src=\"http:\/\/www.elsindical.com.ar\/notas\/var\/www\/html\/notas\/wp-content\/uploads\/2012\/11\/Julieta-G\u00f3mez-y-pareja-300x224.jpg\" alt=\"\" width=\"300\" height=\"224\" srcset=\"https:\/\/www.elsindical.com.ar\/notas\/var\/www\/html\/notas\/wp-content\/uploads\/2012\/11\/Julieta-G\u00f3mez-y-pareja-300x224.jpg 300w, https:\/\/www.elsindical.com.ar\/notas\/var\/www\/html\/notas\/wp-content\/uploads\/2012\/11\/Julieta-G\u00f3mez-y-pareja-400x300.jpg 400w, https:\/\/www.elsindical.com.ar\/notas\/var\/www\/html\/notas\/wp-content\/uploads\/2012\/11\/Julieta-G\u00f3mez-y-pareja.jpg 750w\" sizes=\"auto, (max-width: 300px) 100vw, 300px\" \/><\/a>La ex participante del \u00abSo\u00f1ando por Bailar\u00bb falleci\u00f3 luego de estar internada en el hospital Austral. Seg\u00fan trascendi\u00f3, la joven se habr\u00eda pegado un tiro en la boca. Estaba embarazada y ten\u00eda una hija de ocho a\u00f1os.<\/em><\/p>\n<p style=\"text-align: justify;\">La modelo Julieta G\u00f3mez falleci\u00f3 esta tarde luego de estar internada a causa de un tiro en la boca en el hospital Austral.<\/p>\n<p style=\"text-align: justify;\">Seg\u00fan trascendi\u00f3, la ex participante de \u00abSo\u00f1ando por bailar 2\u00bb estaba embarazada de cinco semanas y manten\u00eda una relaci\u00f3n amorosa con Rodrigo Santos, hermano de Leandro Santos, reconocido manager de modelos. Adem\u00e1s, ten\u00eda una hija de 8 a\u00f1os.<\/p>\n<p style=\"text-align: justify;\">El hecho se produjo este jueves por la tarde en la casa de su novio, en Capilla del Se\u00f1or. Ella se encontraba sola en la habitaci\u00f3n cuando se escuch\u00f3 el disparo.<\/p>\n<p style=\"text-align: justify;\">D\u00edas atr\u00e1s, Julieta hab\u00eda subido un sugestivo tweet que, quiz\u00e1s, anticipaba lo que iba a hacer. \u201cCuando finalmente digo y dije good bye para siempre, puedo decirte libremente buen dia my love!\u201d<\/p>\n<p style=\"text-align: justify;\">Por su parte, Rodrigo, public\u00f3 en su Twitter: \u201cTe amo Pio x siempre,,,Vos podes mi amor! Mucha fuerza quiero volver a abrazarte. Por nuestro amor Pio por siempre! Te amo\u201d.<\/p>\n","protected":false},"excerpt":{"rendered":"<p>La ex participante del \u00abSo\u00f1ando por Bailar\u00bb falleci\u00f3 luego de estar internada en el hospital Austral. Seg\u00fan trascendi\u00f3, la joven se habr\u00eda pegado un tiro en la boca. Estaba embarazada y ten\u00eda una hija de ocho a\u00f1os. La modelo Julieta G\u00f3mez falleci\u00f3 esta tarde luego de estar internada a causa de un tiro en la&hellip;<\/p>\n","protected":false},"author":1,"featured_media":0,"comment_status":"open","ping_status":"open","sticky":false,"template":"","format":"standard","meta":{"footnotes":""},"categories":[15],"tags":[388,8907,13553,533,522],"class_list":["post-29421","post","type-post","status-publish","format-standard","hentry","category-espectaculos","tag-disparo","tag-hospital-austral","tag-julieta-gomez","tag-modelo","tag-suicidio"],"_links":{"self":[{"href":"https:\/\/www.elsindical.com.ar\/notas\/wp-json\/wp\/v2\/posts\/29421","targetHints":{"allow":["GET"]}}],"collection":[{"href":"https:\/\/www.elsindical.com.ar\/notas\/wp-json\/wp\/v2\/posts"}],"about":[{"href":"https:\/\/www.elsindical.com.ar\/notas\/wp-json\/wp\/v2\/types\/post"}],"author":[{"embeddable":true,"href":"https:\/\/www.elsindical.com.ar\/notas\/wp-json\/wp\/v2\/users\/1"}],"replies":[{"embeddable":true,"href":"https:\/\/www.elsindical.com.ar\/notas\/wp-json\/wp\/v2\/comments?post=29421"}],"version-history":[{"count":1,"href":"https:\/\/www.elsindical.com.ar\/notas\/wp-json\/wp\/v2\/posts\/29421\/revisions"}],"predecessor-version":[{"id":29423,"href":"https:\/\/www.elsindical.com.ar\/notas\/wp-json\/wp\/v2\/posts\/29421\/revisions\/29423"}],"wp:attachment":[{"href":"https:\/\/www.elsindical.com.ar\/notas\/wp-json\/wp\/v2\/media?parent=29421"}],"wp:term":[{"taxonomy":"category","embeddable":true,"href":"https:\/\/www.elsindical.com.ar\/notas\/wp-json\/wp\/v2\/categories?post=29421"},{"taxonomy":"post_tag","embeddable":true,"href":"https:\/\/www.elsindical.com.ar\/notas\/wp-json\/wp\/v2\/tags?post=29421"}],"curies":[{"name":"wp","href":"https:\/\/api.w.org\/{rel}","templated":true}]}}