{"id":29381,"date":"2012-11-09T02:13:07","date_gmt":"2012-11-09T05:13:07","guid":{"rendered":"http:\/\/www.elsindical.com.ar\/notas\/?p=29381"},"modified":"2012-11-09T02:13:07","modified_gmt":"2012-11-09T05:13:07","slug":"denuncian-amistad-de-juez-con-abogado-de-imputado","status":"publish","type":"post","link":"https:\/\/www.elsindical.com.ar\/notas\/denuncian-amistad-de-juez-con-abogado-de-imputado\/","title":{"rendered":"Denuncian amistad de Juez con abogado de imputado"},"content":{"rendered":"<p style=\"text-align: justify;\"><em><a href=\"http:\/\/www.elsindical.com.ar\/notas\/var\/www\/html\/notas\/wp-content\/uploads\/2012\/11\/Mazzeo-y-Gavier.jpg\"><img loading=\"lazy\" decoding=\"async\" class=\"alignleft size-medium wp-image-29382\" title=\"Mazzeo-y-Gavier\" src=\"http:\/\/www.elsindical.com.ar\/notas\/var\/www\/html\/notas\/wp-content\/uploads\/2012\/11\/Mazzeo-y-Gavier-300x170.jpg\" alt=\"\" width=\"300\" height=\"170\" srcset=\"https:\/\/www.elsindical.com.ar\/notas\/var\/www\/html\/notas\/wp-content\/uploads\/2012\/11\/Mazzeo-y-Gavier-300x170.jpg 300w, https:\/\/www.elsindical.com.ar\/notas\/var\/www\/html\/notas\/wp-content\/uploads\/2012\/11\/Mazzeo-y-Gavier-500x283.jpg 500w, https:\/\/www.elsindical.com.ar\/notas\/var\/www\/html\/notas\/wp-content\/uploads\/2012\/11\/Mazzeo-y-Gavier.jpg 620w\" sizes=\"auto, (max-width: 300px) 100vw, 300px\" \/><\/a>La denuncia es por \u201cincumplimiento de los deberes de funcionario p\u00fablico\u201d, al comprobarse su amistad con el abogado de uno de los imputados, lo que deber\u00eda haber motivado que se excusara de intervenir.<\/em><\/p>\n<p style=\"text-align: justify;\">Familiares de un suboficial de la <strong>Polic\u00eda bonaerense<\/strong>, asesinado durante un intento de robo en noviembre de 2010 en la localidad de <strong>Ciudad Evita<\/strong>, denunciaron al titular del Tribunal Oral Criminal N\u00ba 2 de La Matanza, que estuvo a cargo del juicio a los dos acusados por el hecho que terminaron absueltos, por \u2018incumplimiento de los deberes de funcionario p\u00fablico\u2019, al \u2018comprobar su amistad con el abogado de uno de los imputados y que deber\u00eda haber motivado que se excusara de intervenir en el proceso\u2019.<\/p>\n<p style=\"text-align: justify;\">Adem\u00e1s, se\u00f1alaron que en las fechas en que <strong>\u2018en cuatro oportunidades se aplaz\u00f3 la lectura del veredicto\u2019<\/strong>, el magistrado Arturo Federico Mateo Gavier y el letrado Marcelo Jorge Mazzeo \u2018se encontraban de viaje de motoqueros, junto a otros tres hombres, tal como se demuestra en la red social Facebook\u2019.<\/p>\n<p style=\"text-align: justify;\">La presentaci\u00f3n de la familia del Sargento <strong>Federico Adri\u00e1n Francia<\/strong> (por entonces, miembro de la custodia del vicegobernador Alberto Balestrini) fue formulada ante la Fiscal\u00eda General del Departamento Judicial de La Matanza, donde la situaci\u00f3n fue catalogada como \u2018un esc\u00e1ndalo\u2019, al margen que involucra al Juez y al abogado en cuestiones privadas, aunque esa relaci\u00f3n personal \u2018no tenemos dudas que influy\u00f3 directamente\u2019, se indic\u00f3.<\/p>\n<p style=\"text-align: justify;\">\u2018Durante el debate hubo cosas raras y cuando lleg\u00f3 el momento del fallo lo fueron postergando, sin dar muchas explicaciones y despu\u00e9s dejaron libres a los dos acusados, cuando hab\u00edan muchas pruebas en contra. Adem\u00e1s, en esos 15 d\u00edas de demora, Gavier y Mazzeo se fueron juntos de paseo\u2019, se\u00f1al\u00f3 la hermana de la v\u00edctima.<\/p>\n<p style=\"text-align: justify;\"><strong>Ruth Francia<\/strong>, en di\u00e1logo con <strong>DIARIO POPULAR<\/strong>, manifest\u00f3 que \u2018apenas pudimos contar con alguna evidencia sobre todos los comentarios que hab\u00eda por la amistad entre ellos, presentamos la denuncia ante la fiscal general de La Matanza, Patricia Ochoa. Llevamos todas las fotograf\u00edas del Facebook, tanto de situaciones anteriores, como las del viaje de un grupo de motoqueros, en el mismo momento en que nosotros sufr\u00edamos, pese a que ten\u00edamos esperanzas que condenaran a los asesinos de mi hermano. La investigaci\u00f3n qued\u00f3 en manos del Fiscal Marcos Borghi y tenemos entendido que ya se llam\u00f3 a brindar testimonio a las personas que aparecen junto al juez Gavier y al abogado Mazzeo\u2019.<\/p>\n<p style=\"text-align: justify;\">Mientras la querella ya present\u00f3 la apelaci\u00f3n al veredicto absolutorio en primera instancia para los imputados Leonel Dar\u00edo Benav\u00eddez y Leandro Javier Huet de Bacelar ante la C\u00e1mara de Casaci\u00f3n Penal, la familiar del sargento Francia insisti\u00f3 en que \u2018como m\u00ednimo se deber\u00eda pedir la nulidad del fallo y por all\u00ed, m\u00e1s adelante el juicio pol\u00edtico para Gavier. Lo de Mazzeo es una cuesti\u00f3n \u00e9tica, aunque tambi\u00e9n puede haber cometido alg\u00fan delito. La fiscal general Ochoa ha mostrado una gran predisposici\u00f3n para que todo este se aclare, aunque est\u00e1 claro que se dieron un mont\u00f3n de cosas raras que podr\u00edan explicarse en la relaci\u00f3n de amistad entre el presidente de un Tribunal y el abogado de uno de los principales acusados de un homicidio\u2019 <strong> Abogada habla de irregularidades durante el juicio.<\/strong><\/p>\n<p style=\"text-align: justify;\">La apelaci\u00f3n ya fue presentada en tiempo y forma, apenas unos d\u00edas despu\u00e9s que la familia denunciaron la supuesta connivencia entre el presidente del Tribunal y uno de los abogados defensores, a partir de su relaci\u00f3n de amistad. Ya durante el juicio fuimos observando ciertas irregularidades, que se acentuaron al momento de dar a conocer el fallo. Hubo cuatro postergaciones, algunas de ellas avisadas al Fiscal Jorge Yametti s\u00f3lo dos horas antes de la convocatoria. Se jug\u00f3 con los tiempos y la buena fe de la familia Francia\u2019, manifest\u00f3 la letrada por la querella, Adoraci\u00f3n Guti\u00e9rrez.<\/p>\n<p style=\"text-align: justify;\">\n<p style=\"text-align: justify;\"><strong>Fuente:Diario Popular<\/strong><\/p>\n","protected":false},"excerpt":{"rendered":"<p>La denuncia es por \u201cincumplimiento de los deberes de funcionario p\u00fablico\u201d, al comprobarse su amistad con el abogado de uno de los imputados, lo que deber\u00eda haber motivado que se excusara de intervenir. Familiares de un suboficial de la Polic\u00eda bonaerense, asesinado durante un intento de robo en noviembre de 2010 en la localidad de&hellip;<\/p>\n","protected":false},"author":1,"featured_media":0,"comment_status":"open","ping_status":"open","sticky":false,"template":"","format":"standard","meta":{"footnotes":""},"categories":[6],"tags":[501,13544,219,189,1401,13545,749,12987,6975],"class_list":["post-29381","post","type-post","status-publish","format-standard","hentry","category-denuncias","tag-abogado","tag-arturo-federico-mateo-gavier","tag-facebook","tag-juez","tag-la-matanza","tag-marcelo-jorge-mazzeo","tag-policia-bonaerense","tag-sargento-federico-adrian-francia","tag-toc-2"],"_links":{"self":[{"href":"https:\/\/www.elsindical.com.ar\/notas\/wp-json\/wp\/v2\/posts\/29381","targetHints":{"allow":["GET"]}}],"collection":[{"href":"https:\/\/www.elsindical.com.ar\/notas\/wp-json\/wp\/v2\/posts"}],"about":[{"href":"https:\/\/www.elsindical.com.ar\/notas\/wp-json\/wp\/v2\/types\/post"}],"author":[{"embeddable":true,"href":"https:\/\/www.elsindical.com.ar\/notas\/wp-json\/wp\/v2\/users\/1"}],"replies":[{"embeddable":true,"href":"https:\/\/www.elsindical.com.ar\/notas\/wp-json\/wp\/v2\/comments?post=29381"}],"version-history":[{"count":1,"href":"https:\/\/www.elsindical.com.ar\/notas\/wp-json\/wp\/v2\/posts\/29381\/revisions"}],"predecessor-version":[{"id":29383,"href":"https:\/\/www.elsindical.com.ar\/notas\/wp-json\/wp\/v2\/posts\/29381\/revisions\/29383"}],"wp:attachment":[{"href":"https:\/\/www.elsindical.com.ar\/notas\/wp-json\/wp\/v2\/media?parent=29381"}],"wp:term":[{"taxonomy":"category","embeddable":true,"href":"https:\/\/www.elsindical.com.ar\/notas\/wp-json\/wp\/v2\/categories?post=29381"},{"taxonomy":"post_tag","embeddable":true,"href":"https:\/\/www.elsindical.com.ar\/notas\/wp-json\/wp\/v2\/tags?post=29381"}],"curies":[{"name":"wp","href":"https:\/\/api.w.org\/{rel}","templated":true}]}}