{"id":2936,"date":"2010-01-14T12:38:19","date_gmt":"2010-01-14T15:38:19","guid":{"rendered":"http:\/\/www.elsindical.com.ar\/notas\/?p=2936"},"modified":"2010-01-14T12:38:19","modified_gmt":"2010-01-14T15:38:19","slug":"arba-manda-al-veraz-a-los-morosos-bonaerenses","status":"publish","type":"post","link":"https:\/\/www.elsindical.com.ar\/notas\/arba-manda-al-veraz-a-los-morosos-bonaerenses\/","title":{"rendered":"ARBA manda al VERAZ a los morosos bonaerenses"},"content":{"rendered":"<p style=\"text-align: justify;\"><strong><em><a href=\"http:\/\/www.elsindical.com.ar\/notas\/var\/www\/html\/notas\/wp-content\/uploads\/2010\/01\/ARBA-inspector.jpg\"><img loading=\"lazy\" decoding=\"async\" class=\"alignleft size-full wp-image-2937\" title=\"ARBA-inspector\" src=\"http:\/\/www.elsindical.com.ar\/notas\/var\/www\/html\/notas\/wp-content\/uploads\/2010\/01\/ARBA-inspector.jpg\" alt=\"\" width=\"227\" height=\"152\" \/><\/a>Lo har\u00e1 en aquellos casos en los que la deuda ya se encuentre en proceso judicial. Los contribuyentes que ingresen a un plan de pagos ver\u00e1n retirada la informaci\u00f3n de los sitios de an\u00e1lisis crediticio en 5 d\u00edas.<\/em><\/strong><\/p>\n<p style=\"text-align: justify;\">La Agencia de Recaudaci\u00f3n de la provincia de Buenos Aires (<strong>ARBA) enviar\u00e1 la informaci\u00f3n sobre los contribuyentes que mantengan deudas con el fisco en proceso judicial a sistemas de an\u00e1lisis de riesgo crediticio como Veraz y Nosis<\/strong>, que impiden realizar operaciones financieras u obtener pr\u00e9stamos.<\/p>\n<p style=\"text-align: justify;\">El servicio ser\u00e1 incorporado en los pr\u00f3ximos d\u00edas con la firma de un convenio.<strong> Los contribuyentes ingresados a los sistemas que adhieran al plan de pagos ser\u00e1n retirados del Veraz y de Nosis en 5 d\u00edas<\/strong>.<\/p>\n<p style=\"text-align: justify;\">La decisi\u00f3n fue adoptada por el director ejecutivo de ARBA, Mart\u00edn Di Bella, para quien \u201ces tiempo de establecer nuevas condiciones que fortalezcan el v\u00ednculo y la confianza de los contribuyentes\u201d.<\/p>\n","protected":false},"excerpt":{"rendered":"<p>Lo har\u00e1 en aquellos casos en los que la deuda ya se encuentre en proceso judicial. Los contribuyentes que ingresen a un plan de pagos ver\u00e1n retirada la informaci\u00f3n de los sitios de an\u00e1lisis crediticio en 5 d\u00edas. La Agencia de Recaudaci\u00f3n de la provincia de Buenos Aires (ARBA) enviar\u00e1 la informaci\u00f3n sobre los contribuyentes&hellip;<\/p>\n","protected":false},"author":1,"featured_media":0,"comment_status":"open","ping_status":"open","sticky":false,"template":"","format":"standard","meta":{"footnotes":""},"categories":[9],"tags":[1587,1590,1588,1253,1589],"class_list":["post-2936","post","type-post","status-publish","format-standard","hentry","category-economia","tag-arba","tag-deuda","tag-morosos","tag-plan","tag-veraz"],"_links":{"self":[{"href":"https:\/\/www.elsindical.com.ar\/notas\/wp-json\/wp\/v2\/posts\/2936","targetHints":{"allow":["GET"]}}],"collection":[{"href":"https:\/\/www.elsindical.com.ar\/notas\/wp-json\/wp\/v2\/posts"}],"about":[{"href":"https:\/\/www.elsindical.com.ar\/notas\/wp-json\/wp\/v2\/types\/post"}],"author":[{"embeddable":true,"href":"https:\/\/www.elsindical.com.ar\/notas\/wp-json\/wp\/v2\/users\/1"}],"replies":[{"embeddable":true,"href":"https:\/\/www.elsindical.com.ar\/notas\/wp-json\/wp\/v2\/comments?post=2936"}],"version-history":[{"count":2,"href":"https:\/\/www.elsindical.com.ar\/notas\/wp-json\/wp\/v2\/posts\/2936\/revisions"}],"predecessor-version":[{"id":2939,"href":"https:\/\/www.elsindical.com.ar\/notas\/wp-json\/wp\/v2\/posts\/2936\/revisions\/2939"}],"wp:attachment":[{"href":"https:\/\/www.elsindical.com.ar\/notas\/wp-json\/wp\/v2\/media?parent=2936"}],"wp:term":[{"taxonomy":"category","embeddable":true,"href":"https:\/\/www.elsindical.com.ar\/notas\/wp-json\/wp\/v2\/categories?post=2936"},{"taxonomy":"post_tag","embeddable":true,"href":"https:\/\/www.elsindical.com.ar\/notas\/wp-json\/wp\/v2\/tags?post=2936"}],"curies":[{"name":"wp","href":"https:\/\/api.w.org\/{rel}","templated":true}]}}