{"id":29333,"date":"2012-11-08T12:02:40","date_gmt":"2012-11-08T15:02:40","guid":{"rendered":"http:\/\/www.elsindical.com.ar\/notas\/?p=29333"},"modified":"2012-11-08T12:02:40","modified_gmt":"2012-11-08T15:02:40","slug":"robaron-el-auto-oficial-del-vocero-presidencial","status":"publish","type":"post","link":"https:\/\/www.elsindical.com.ar\/notas\/robaron-el-auto-oficial-del-vocero-presidencial\/","title":{"rendered":"Robaron el auto oficial del vocero presidencial"},"content":{"rendered":"<p style=\"text-align: justify;\"><em><a href=\"http:\/\/www.elsindical.com.ar\/notas\/var\/www\/html\/notas\/wp-content\/uploads\/2012\/11\/Alfredo-Scoccimarro.jpg\"><img loading=\"lazy\" decoding=\"async\" class=\"alignleft size-medium wp-image-29334\" title=\"Alfredo-Scoccimarro\" src=\"http:\/\/www.elsindical.com.ar\/notas\/var\/www\/html\/notas\/wp-content\/uploads\/2012\/11\/Alfredo-Scoccimarro-300x161.jpg\" alt=\"\" width=\"300\" height=\"161\" srcset=\"https:\/\/www.elsindical.com.ar\/notas\/var\/www\/html\/notas\/wp-content\/uploads\/2012\/11\/Alfredo-Scoccimarro-300x161.jpg 300w, https:\/\/www.elsindical.com.ar\/notas\/var\/www\/html\/notas\/wp-content\/uploads\/2012\/11\/Alfredo-Scoccimarro-500x268.jpg 500w, https:\/\/www.elsindical.com.ar\/notas\/var\/www\/html\/notas\/wp-content\/uploads\/2012\/11\/Alfredo-Scoccimarro.jpg 502w\" sizes=\"auto, (max-width: 300px) 100vw, 300px\" \/><\/a>El auto oficial en el que se moviliza Alfredo Scoccimarro, el vocero de la presidenta Cristina Fern\u00e1ndez de Kirchner, fue robado antenoche en Los Polvorines y hallado poco despu\u00e9s en esa misma localidad bonaerense.<\/em><\/p>\n<p style=\"text-align: justify;\">Seg\u00fan inform\u00f3 el diario La Naci\u00f3n, cuando el chofer del portavoz de Cristina llegaba a su casa a bordo del Volkswagen Vento oficial fue atacado por cinco hombres que se apoderaron del veh\u00edculo.<\/p>\n<p style=\"text-align: justify;\">El robo, dijeron fuentes policiales, fue denunciado de inmediato al 911 de la Polic\u00eda Bonaerense y poco despu\u00e9s una patrulla hall\u00f3 el veh\u00edculo en la esquina de las calles Maza y Acevedo.<\/p>\n<p style=\"text-align: justify;\">Los investigadores, indica La Naci\u00f3n, creen que se trat\u00f3 de un robo al voleo.<\/p>\n","protected":false},"excerpt":{"rendered":"<p>El auto oficial en el que se moviliza Alfredo Scoccimarro, el vocero de la presidenta Cristina Fern\u00e1ndez de Kirchner, fue robado antenoche en Los Polvorines y hallado poco despu\u00e9s en esa misma localidad bonaerense. Seg\u00fan inform\u00f3 el diario La Naci\u00f3n, cuando el chofer del portavoz de Cristina llegaba a su casa a bordo del Volkswagen&hellip;<\/p>\n","protected":false},"author":1,"featured_media":0,"comment_status":"open","ping_status":"open","sticky":false,"template":"","format":"standard","meta":{"footnotes":""},"categories":[22],"tags":[9689,13528,1205,2982,30,9812],"class_list":["post-29333","post","type-post","status-publish","format-standard","hentry","category-policiales","tag-alfredo-scoccimarro","tag-auto-oficial","tag-cristina-fernandez-de-kirchner","tag-los-polvorines","tag-policia","tag-vocero"],"_links":{"self":[{"href":"https:\/\/www.elsindical.com.ar\/notas\/wp-json\/wp\/v2\/posts\/29333","targetHints":{"allow":["GET"]}}],"collection":[{"href":"https:\/\/www.elsindical.com.ar\/notas\/wp-json\/wp\/v2\/posts"}],"about":[{"href":"https:\/\/www.elsindical.com.ar\/notas\/wp-json\/wp\/v2\/types\/post"}],"author":[{"embeddable":true,"href":"https:\/\/www.elsindical.com.ar\/notas\/wp-json\/wp\/v2\/users\/1"}],"replies":[{"embeddable":true,"href":"https:\/\/www.elsindical.com.ar\/notas\/wp-json\/wp\/v2\/comments?post=29333"}],"version-history":[{"count":2,"href":"https:\/\/www.elsindical.com.ar\/notas\/wp-json\/wp\/v2\/posts\/29333\/revisions"}],"predecessor-version":[{"id":29336,"href":"https:\/\/www.elsindical.com.ar\/notas\/wp-json\/wp\/v2\/posts\/29333\/revisions\/29336"}],"wp:attachment":[{"href":"https:\/\/www.elsindical.com.ar\/notas\/wp-json\/wp\/v2\/media?parent=29333"}],"wp:term":[{"taxonomy":"category","embeddable":true,"href":"https:\/\/www.elsindical.com.ar\/notas\/wp-json\/wp\/v2\/categories?post=29333"},{"taxonomy":"post_tag","embeddable":true,"href":"https:\/\/www.elsindical.com.ar\/notas\/wp-json\/wp\/v2\/tags?post=29333"}],"curies":[{"name":"wp","href":"https:\/\/api.w.org\/{rel}","templated":true}]}}