{"id":29300,"date":"2012-11-07T12:56:45","date_gmt":"2012-11-07T15:56:45","guid":{"rendered":"http:\/\/www.elsindical.com.ar\/notas\/?p=29300"},"modified":"2012-11-07T12:56:45","modified_gmt":"2012-11-07T15:56:45","slug":"saltauna-joven-mato-a-su-novio-tras-sufrir-maltratos","status":"publish","type":"post","link":"https:\/\/www.elsindical.com.ar\/notas\/saltauna-joven-mato-a-su-novio-tras-sufrir-maltratos\/","title":{"rendered":"Salta:Una joven mat\u00f3 a su novio tras sufrir maltratos"},"content":{"rendered":"<p style=\"text-align: justify;\"><em><a href=\"http:\/\/www.elsindical.com.ar\/notas\/var\/www\/html\/notas\/wp-content\/uploads\/2012\/11\/patrulla-de-Salta.jpg\"><img loading=\"lazy\" decoding=\"async\" class=\"alignleft size-medium wp-image-29301\" title=\"patrulla-de-Salta\" src=\"http:\/\/www.elsindical.com.ar\/notas\/var\/www\/html\/notas\/wp-content\/uploads\/2012\/11\/patrulla-de-Salta-300x187.jpg\" alt=\"\" width=\"300\" height=\"187\" srcset=\"https:\/\/www.elsindical.com.ar\/notas\/var\/www\/html\/notas\/wp-content\/uploads\/2012\/11\/patrulla-de-Salta-300x187.jpg 300w, https:\/\/www.elsindical.com.ar\/notas\/var\/www\/html\/notas\/wp-content\/uploads\/2012\/11\/patrulla-de-Salta.jpg 413w\" sizes=\"auto, (max-width: 300px) 100vw, 300px\" \/><\/a>Una adolescente de 17 a\u00f1os asesin\u00f3 a su pareja (de 21) de una pu\u00f1alada en el pecho tras una violenta discusi\u00f3n, en la provincia de Salta. La joven que fue detenida lo habr\u00eda denunciado en varias oportunidades por violencia de g\u00e9nero.<\/em><\/p>\n<p style=\"text-align: justify;\">Un joven de 21 a\u00f1os fue asesinado en un barrio del norte de la capital salte\u00f1a de una pu\u00f1alada en el pecho tras una discusi\u00f3n con su novia, de 17, quien qued\u00f3 detenida como autora del hecho, seg\u00fan informaron fuentes policiales.<\/p>\n<p style=\"text-align: justify;\">Seg\u00fan trascendi\u00f3, la menor ya hab\u00eda denunciado en reiteradas ocasiones que el joven la maltrataba, por lo que hab\u00eda decidido terminar la relaci\u00f3n. La v\u00edctima fue identificada como V\u00edctor Juan Garc\u00eda.<\/p>\n<p style=\"text-align: justify;\">En declaraciones period\u00edsticas, Eva Garc\u00eda, una de las hermanas del fallecido manifest\u00f3: \u201cElla ya estaba con el cuchillo cuando vino a mi casa a buscarlo, es decir que hab\u00eda planeado matar a mi hermano desde un primer momento. Es una mentira que ella se defendi\u00f3 de los ataques de \u00e9l; lo dijo para justificarse\u00bb.<\/p>\n<p style=\"text-align: justify;\">Seg\u00fan se inform\u00f3, en medio de la pelea, la adolescente tom\u00f3 un cuchillo y le aplic\u00f3 a su novio un puntazo en el pecho que le provoc\u00f3 la muerte pr\u00e1cticamente en el acto.<\/p>\n<p style=\"text-align: justify;\">Alertados por el hecho, las autoridades se dirigieron a la escena del crimen y detuvieron a la adolescente por disposici\u00f3n del Juzgado de Menores 1 de Salta.<\/p>\n<p style=\"text-align: justify;\">Los investigadores secuestraron en el lugar el cuchillo presuntamente utilizado para cometer el homicidio.<\/p>\n","protected":false},"excerpt":{"rendered":"<p>Una adolescente de 17 a\u00f1os asesin\u00f3 a su pareja (de 21) de una pu\u00f1alada en el pecho tras una violenta discusi\u00f3n, en la provincia de Salta. La joven que fue detenida lo habr\u00eda denunciado en varias oportunidades por violencia de g\u00e9nero. Un joven de 21 a\u00f1os fue asesinado en un barrio del norte de la&hellip;<\/p>\n","protected":false},"author":1,"featured_media":0,"comment_status":"open","ping_status":"open","sticky":false,"template":"","format":"standard","meta":{"footnotes":""},"categories":[22],"tags":[2551,363,1515,237,240,13518],"class_list":["post-29300","post","type-post","status-publish","format-standard","hentry","category-policiales","tag-adolescente","tag-asesinato","tag-cuchillo","tag-detenida","tag-pareja","tag-victor-juan-garcia"],"_links":{"self":[{"href":"https:\/\/www.elsindical.com.ar\/notas\/wp-json\/wp\/v2\/posts\/29300","targetHints":{"allow":["GET"]}}],"collection":[{"href":"https:\/\/www.elsindical.com.ar\/notas\/wp-json\/wp\/v2\/posts"}],"about":[{"href":"https:\/\/www.elsindical.com.ar\/notas\/wp-json\/wp\/v2\/types\/post"}],"author":[{"embeddable":true,"href":"https:\/\/www.elsindical.com.ar\/notas\/wp-json\/wp\/v2\/users\/1"}],"replies":[{"embeddable":true,"href":"https:\/\/www.elsindical.com.ar\/notas\/wp-json\/wp\/v2\/comments?post=29300"}],"version-history":[{"count":1,"href":"https:\/\/www.elsindical.com.ar\/notas\/wp-json\/wp\/v2\/posts\/29300\/revisions"}],"predecessor-version":[{"id":29302,"href":"https:\/\/www.elsindical.com.ar\/notas\/wp-json\/wp\/v2\/posts\/29300\/revisions\/29302"}],"wp:attachment":[{"href":"https:\/\/www.elsindical.com.ar\/notas\/wp-json\/wp\/v2\/media?parent=29300"}],"wp:term":[{"taxonomy":"category","embeddable":true,"href":"https:\/\/www.elsindical.com.ar\/notas\/wp-json\/wp\/v2\/categories?post=29300"},{"taxonomy":"post_tag","embeddable":true,"href":"https:\/\/www.elsindical.com.ar\/notas\/wp-json\/wp\/v2\/tags?post=29300"}],"curies":[{"name":"wp","href":"https:\/\/api.w.org\/{rel}","templated":true}]}}