{"id":29297,"date":"2012-11-07T12:50:11","date_gmt":"2012-11-07T15:50:11","guid":{"rendered":"http:\/\/www.elsindical.com.ar\/notas\/?p=29297"},"modified":"2012-11-07T12:50:11","modified_gmt":"2012-11-07T15:50:11","slug":"villa-del-parqueasesinaron-a-un-hombre-en-una-pizzeria-en-un-robo","status":"publish","type":"post","link":"https:\/\/www.elsindical.com.ar\/notas\/villa-del-parqueasesinaron-a-un-hombre-en-una-pizzeria-en-un-robo\/","title":{"rendered":"Villa del Parque:Asesinaron a un hombre en una pizzer\u00eda en un robo"},"content":{"rendered":"<p style=\"text-align: justify;\"><em><a href=\"http:\/\/www.elsindical.com.ar\/notas\/var\/www\/html\/notas\/wp-content\/uploads\/2012\/11\/asesinato-Villa-del-Parque.jpg\"><img loading=\"lazy\" decoding=\"async\" class=\"alignleft size-medium wp-image-29298\" title=\"asesinato-Villa-del-Parque\" src=\"http:\/\/www.elsindical.com.ar\/notas\/var\/www\/html\/notas\/wp-content\/uploads\/2012\/11\/asesinato-Villa-del-Parque-300x193.jpg\" alt=\"\" width=\"300\" height=\"193\" srcset=\"https:\/\/www.elsindical.com.ar\/notas\/var\/www\/html\/notas\/wp-content\/uploads\/2012\/11\/asesinato-Villa-del-Parque-300x193.jpg 300w, https:\/\/www.elsindical.com.ar\/notas\/var\/www\/html\/notas\/wp-content\/uploads\/2012\/11\/asesinato-Villa-del-Parque-464x300.jpg 464w, https:\/\/www.elsindical.com.ar\/notas\/var\/www\/html\/notas\/wp-content\/uploads\/2012\/11\/asesinato-Villa-del-Parque.jpg 502w\" sizes=\"auto, (max-width: 300px) 100vw, 300px\" \/><\/a>Un hombre de nacionalidad china fue ultimado de un tiro en el pecho en un local de comidas del barrio porte\u00f1o de Villa del Parque. La Polic\u00eda intenta establecer si se trat\u00f3 de un homicidio en robo o si la v\u00edctima fue atacada por otras cuestiones y los agresores saquearon el lugar para disimular.<\/em><\/p>\n<p style=\"text-align: justify;\">Un hombre fue asesinado de un tiro en el pecho en una pizzer\u00eda del barrio porte\u00f1o de Villa del Parque por delincuentes que robaron dinero de la caja y de los comensales, informaron hoy fuentes policiales.<\/p>\n<p style=\"text-align: justify;\">Los investigadores procuraban establecer si se trat\u00f3 de un homicidio en ocasi\u00f3n de robo o si la v\u00edctima, de nacionalidad china, fue atacada por otras cuestiones y los agresores saquearon el lugar para disimular la verdadera motivaci\u00f3n, agregaron los voceros, quienes dijeron que por el momento la causa est\u00e1 caratulada como \u00abaveriguaci\u00f3n de homicidio\u00bb.<\/p>\n<p style=\"text-align: justify;\">El hecho ocurri\u00f3 anoche cerca de las 23.30 en la pizzer\u00eda \u00abYa Marcha\u00bb, situada en Nazca 3381, casi esquina San Mart\u00edn, de Villa del Parque.<\/p>\n<p style=\"text-align: justify;\">Seg\u00fan las fuentes, Weng Xuelin, 39 a\u00f1os y chino, lleg\u00f3 al lugar acompa\u00f1ado por dos mujeres de nacionalidad paraguaya, de 21 y 23 a\u00f1os. El ciudadano chino baj\u00f3 de una camioneta e ingres\u00f3 a la pizzer\u00eda con las dos mujeres, que se sentaron en una mesa mientras el hombre fue al ba\u00f1o.<\/p>\n<p style=\"text-align: justify;\">Minutos despu\u00e9s, al menos un hombre armado ingres\u00f3 a la pizzer\u00eda y comenz\u00f3 a amenazar a los empleados y clientes para que les entregaran dinero.<\/p>\n<p style=\"text-align: justify;\">Si bien algunas fuentes indicaron que s\u00f3lo ingres\u00f3 al local un delincuente y otros dos se quedaron en la vereda, otros voceros aseguraron que en total eran cinco y que fueron tres los que entraron a la pizzer\u00eda.<\/p>\n<p style=\"text-align: justify;\">De acuerdo a la informaci\u00f3n suministrada por los voceros, cuando Weng Xuelin sali\u00f3 del ba\u00f1o fue baleado en el pecho por un delincuente y cay\u00f3 mortalmente herido en el lugar.<\/p>\n<p style=\"text-align: justify;\">Tras el ataque, los delincuentes escaparon con el dinero robado en al menos dos motocicletas y por el momento no fueron localizados.<\/p>\n<p style=\"text-align: justify;\">Los investigadores no descartaban ninguna hip\u00f3tesis del crimen, ni la del homicidio durante un robo ni que el chino haya sido seguido hasta all\u00ed y ejecutado por alg\u00fan otro motivo.<\/p>\n<p style=\"text-align: justify;\">Las dos mujeres que acompa\u00f1aban a la v\u00edctima manifestaron a la polic\u00eda que el hombre asesinado era due\u00f1o de un supermercado chino de Villa Ballester, cuesti\u00f3n que los investigadores procuraban certificar.<\/p>\n<p style=\"text-align: justify;\">Adem\u00e1s, el encargado de la pizzer\u00eda dijo que la v\u00edctima no era cliente habitual de ese comercio, seg\u00fan la informaci\u00f3n policial suministrada.<\/p>\n<p style=\"text-align: justify;\">Efectivos de la seccional 47 trabajaron en el lugar con personal de criminal\u00edstica y levantaron huellas y tomaron testimonios.<\/p>\n<p style=\"text-align: justify;\">Adem\u00e1s del personal de la comisar\u00eda local, el fiscal de turno dispuso que en la pesquisa trabajen detectives de la divisi\u00f3n Homicidios de la Polic\u00eda Federal.<\/p>\n<p style=\"text-align: justify;\">Por el momento la causa fue caratulada como \u00abaveriguaci\u00f3n de homicidio\u00bb y no hay detenidos por el crimen.<\/p>\n<p style=\"text-align: justify;\">\n<p style=\"text-align: justify;\">Fotograf\u00eda:TV<\/p>\n","protected":false},"excerpt":{"rendered":"<p>Un hombre de nacionalidad china fue ultimado de un tiro en el pecho en un local de comidas del barrio porte\u00f1o de Villa del Parque. La Polic\u00eda intenta establecer si se trat\u00f3 de un homicidio en robo o si la v\u00edctima fue atacada por otras cuestiones y los agresores saquearon el lugar para disimular. Un&hellip;<\/p>\n","protected":false},"author":1,"featured_media":0,"comment_status":"open","ping_status":"open","sticky":false,"template":"","format":"standard","meta":{"footnotes":""},"categories":[22],"tags":[1608,581,308,2552,1760,1891,2435],"class_list":["post-29297","post","type-post","status-publish","format-standard","hentry","category-policiales","tag-chino","tag-delincuentes","tag-motochorros","tag-pizzeria","tag-restaurante","tag-tiros","tag-villa-del-parque"],"_links":{"self":[{"href":"https:\/\/www.elsindical.com.ar\/notas\/wp-json\/wp\/v2\/posts\/29297","targetHints":{"allow":["GET"]}}],"collection":[{"href":"https:\/\/www.elsindical.com.ar\/notas\/wp-json\/wp\/v2\/posts"}],"about":[{"href":"https:\/\/www.elsindical.com.ar\/notas\/wp-json\/wp\/v2\/types\/post"}],"author":[{"embeddable":true,"href":"https:\/\/www.elsindical.com.ar\/notas\/wp-json\/wp\/v2\/users\/1"}],"replies":[{"embeddable":true,"href":"https:\/\/www.elsindical.com.ar\/notas\/wp-json\/wp\/v2\/comments?post=29297"}],"version-history":[{"count":1,"href":"https:\/\/www.elsindical.com.ar\/notas\/wp-json\/wp\/v2\/posts\/29297\/revisions"}],"predecessor-version":[{"id":29299,"href":"https:\/\/www.elsindical.com.ar\/notas\/wp-json\/wp\/v2\/posts\/29297\/revisions\/29299"}],"wp:attachment":[{"href":"https:\/\/www.elsindical.com.ar\/notas\/wp-json\/wp\/v2\/media?parent=29297"}],"wp:term":[{"taxonomy":"category","embeddable":true,"href":"https:\/\/www.elsindical.com.ar\/notas\/wp-json\/wp\/v2\/categories?post=29297"},{"taxonomy":"post_tag","embeddable":true,"href":"https:\/\/www.elsindical.com.ar\/notas\/wp-json\/wp\/v2\/tags?post=29297"}],"curies":[{"name":"wp","href":"https:\/\/api.w.org\/{rel}","templated":true}]}}