{"id":29292,"date":"2012-11-07T12:32:59","date_gmt":"2012-11-07T15:32:59","guid":{"rendered":"http:\/\/www.elsindical.com.ar\/notas\/?p=29292"},"modified":"2012-11-07T12:32:59","modified_gmt":"2012-11-07T15:32:59","slug":"tres-de-febreroconcejal-denuncia-agresiones-de-militante-de-la-campora","status":"publish","type":"post","link":"https:\/\/www.elsindical.com.ar\/notas\/tres-de-febreroconcejal-denuncia-agresiones-de-militante-de-la-campora\/","title":{"rendered":"Tres de Febrero:Concejal denuncia agresiones de militante de La C\u00e1mpora"},"content":{"rendered":"<p style=\"text-align: justify;\"><em><a href=\"http:\/\/www.elsindical.com.ar\/notas\/var\/www\/html\/notas\/wp-content\/uploads\/2012\/11\/Concejal-Fernando-Ramos.jpg\"><img loading=\"lazy\" decoding=\"async\" class=\"alignleft size-medium wp-image-29293\" title=\"Concejal-Fernando-Ramos\" src=\"http:\/\/www.elsindical.com.ar\/notas\/var\/www\/html\/notas\/wp-content\/uploads\/2012\/11\/Concejal-Fernando-Ramos-300x224.jpg\" alt=\"\" width=\"300\" height=\"224\" srcset=\"https:\/\/www.elsindical.com.ar\/notas\/var\/www\/html\/notas\/wp-content\/uploads\/2012\/11\/Concejal-Fernando-Ramos-300x224.jpg 300w, https:\/\/www.elsindical.com.ar\/notas\/var\/www\/html\/notas\/wp-content\/uploads\/2012\/11\/Concejal-Fernando-Ramos-400x300.jpg 400w, https:\/\/www.elsindical.com.ar\/notas\/var\/www\/html\/notas\/wp-content\/uploads\/2012\/11\/Concejal-Fernando-Ramos.jpg 502w\" sizes=\"auto, (max-width: 300px) 100vw, 300px\" \/><\/a>Fernando Ramos, el concejal del Frente Amplio Progresista que el viernes pasado fue golpeado en medio de una marcha que realizaron los vecinos en Caseros para pedir m\u00e1s seguridad, denunci\u00f3 que su agresor forma parte de la versi\u00f3n local de la agrupaci\u00f3n La C\u00e1mpora.<\/em><\/p>\n<p style=\"text-align: justify;\">\u00abEstaba con mi hijo de seis a\u00f1os y cuando me retiraba de la marcha vino una persona de atr\u00e1s y me peg\u00f3 directamente\u00bb, cont\u00f3\u00a0en las redes sociales\u00a0el concejal por el Frente Amplio Progresista, Fernando Ramos, que el viernes pasado fue agredido por un militante de La C\u00e1mpora en Caseros, en medio de una manifestaci\u00f3n que realizaron los vecinos para reclamar seguridad. Le pegaron una trompada, sin mediar palabra.<\/p>\n<p style=\"text-align: justify;\">Enfrente de donde se realizaba la marcha, en las cercan\u00edas al t\u00fanel de Avenida San Mart\u00edn, se encontraban los militantes de La C\u00e1mpora. \u00abNo lo conozco al que me peg\u00f3. Pero eran los del oficialismo que estaban por esa zona\u00bb, agreg\u00f3 Ramos.<\/p>\n<p style=\"text-align: justify;\">Con respecto a las posibles causas de la agresi\u00f3n, el edil concluy\u00f3: \u00abPasa por el tema de la seguridad. En Tres de Febrero est\u00e1 complicado y la gente se siente insegura. Este conflicto lo tiene a maltraer al gobierno municipal y cuando no hay respuestas para darle a la gente, aparecen estas cosas\u00bb. Y cerr\u00f3: \u00abEs un hecho lamentable porque demuestra que hay violencia e intolerancia\u00bb.<\/p>\n<p style=\"text-align: justify;\">El concejal, que al momento de ser golpeado se encontraba en compa\u00f1\u00eda de su hijo de seis a\u00f1os, realiz\u00f3 una conferencia de prensa en la que mostr\u00f3 su malestar por lo sucedido. Adem\u00e1s recrimin\u00f3 que el oficialismo \u00abdebe garantizar la posibilidad de expresarnos libremente y no venir a agredir\u00bb. Realiz\u00f3 la denuncia en la comisar\u00eda 1\u00aa de Caseros.<\/p>\n<p style=\"text-align: justify;\"><a href=\"http:\/\/www.elsindical.com.ar\/notas\/var\/www\/html\/notas\/wp-content\/uploads\/2012\/11\/denuncia-en-Facebook-concejal-Ramos.jpg\"><img loading=\"lazy\" decoding=\"async\" class=\"alignleft size-medium wp-image-29294\" title=\"denuncia-en-Facebook-concejal-Ramos\" src=\"http:\/\/www.elsindical.com.ar\/notas\/var\/www\/html\/notas\/wp-content\/uploads\/2012\/11\/denuncia-en-Facebook-concejal-Ramos-300x161.jpg\" alt=\"\" width=\"300\" height=\"161\" srcset=\"https:\/\/www.elsindical.com.ar\/notas\/var\/www\/html\/notas\/wp-content\/uploads\/2012\/11\/denuncia-en-Facebook-concejal-Ramos-300x161.jpg 300w, https:\/\/www.elsindical.com.ar\/notas\/var\/www\/html\/notas\/wp-content\/uploads\/2012\/11\/denuncia-en-Facebook-concejal-Ramos-500x269.jpg 500w, https:\/\/www.elsindical.com.ar\/notas\/var\/www\/html\/notas\/wp-content\/uploads\/2012\/11\/denuncia-en-Facebook-concejal-Ramos.jpg 502w\" sizes=\"auto, (max-width: 300px) 100vw, 300px\" \/><\/a><\/p>\n","protected":false},"excerpt":{"rendered":"<p>Fernando Ramos, el concejal del Frente Amplio Progresista que el viernes pasado fue golpeado en medio de una marcha que realizaron los vecinos en Caseros para pedir m\u00e1s seguridad, denunci\u00f3 que su agresor forma parte de la versi\u00f3n local de la agrupaci\u00f3n La C\u00e1mpora. \u00abEstaba con mi hijo de seis a\u00f1os y cuando me retiraba&hellip;<\/p>\n","protected":false},"author":1,"featured_media":0,"comment_status":"open","ping_status":"open","sticky":false,"template":"","format":"standard","meta":{"footnotes":""},"categories":[6],"tags":[1117,13517,13516,175,7681,984,7669,156,10975],"class_list":["post-29292","post","type-post","status-publish","format-standard","hentry","category-denuncias","tag-agresiones","tag-ceseros","tag-concejal-fernando-ramos","tag-denuncia","tag-frente-amplio-progresista","tag-inseguridad","tag-la-campora","tag-marcha","tag-tres-de-febrero"],"_links":{"self":[{"href":"https:\/\/www.elsindical.com.ar\/notas\/wp-json\/wp\/v2\/posts\/29292","targetHints":{"allow":["GET"]}}],"collection":[{"href":"https:\/\/www.elsindical.com.ar\/notas\/wp-json\/wp\/v2\/posts"}],"about":[{"href":"https:\/\/www.elsindical.com.ar\/notas\/wp-json\/wp\/v2\/types\/post"}],"author":[{"embeddable":true,"href":"https:\/\/www.elsindical.com.ar\/notas\/wp-json\/wp\/v2\/users\/1"}],"replies":[{"embeddable":true,"href":"https:\/\/www.elsindical.com.ar\/notas\/wp-json\/wp\/v2\/comments?post=29292"}],"version-history":[{"count":2,"href":"https:\/\/www.elsindical.com.ar\/notas\/wp-json\/wp\/v2\/posts\/29292\/revisions"}],"predecessor-version":[{"id":29296,"href":"https:\/\/www.elsindical.com.ar\/notas\/wp-json\/wp\/v2\/posts\/29292\/revisions\/29296"}],"wp:attachment":[{"href":"https:\/\/www.elsindical.com.ar\/notas\/wp-json\/wp\/v2\/media?parent=29292"}],"wp:term":[{"taxonomy":"category","embeddable":true,"href":"https:\/\/www.elsindical.com.ar\/notas\/wp-json\/wp\/v2\/categories?post=29292"},{"taxonomy":"post_tag","embeddable":true,"href":"https:\/\/www.elsindical.com.ar\/notas\/wp-json\/wp\/v2\/tags?post=29292"}],"curies":[{"name":"wp","href":"https:\/\/api.w.org\/{rel}","templated":true}]}}