{"id":29278,"date":"2012-11-07T01:16:15","date_gmt":"2012-11-07T04:16:15","guid":{"rendered":"http:\/\/www.elsindical.com.ar\/notas\/?p=29278"},"modified":"2012-11-07T01:16:15","modified_gmt":"2012-11-07T04:16:15","slug":"paque-patriciosdetienen-a-un-barra-de-river-implicado-en-robos","status":"publish","type":"post","link":"https:\/\/www.elsindical.com.ar\/notas\/paque-patriciosdetienen-a-un-barra-de-river-implicado-en-robos\/","title":{"rendered":"Paque Patricios:Detienen a un barra de River implicado en robos"},"content":{"rendered":"<p style=\"text-align: justify;\"><em><a href=\"http:\/\/www.elsindical.com.ar\/notas\/var\/www\/html\/notas\/wp-content\/uploads\/2012\/11\/detenci\u00f3n-de-Urko.jpg\"><img loading=\"lazy\" decoding=\"async\" class=\"alignleft size-medium wp-image-29279\" title=\"detenci\u00f3n-de-Urko\" src=\"http:\/\/www.elsindical.com.ar\/notas\/var\/www\/html\/notas\/wp-content\/uploads\/2012\/11\/detenci\u00f3n-de-Urko-300x193.jpg\" alt=\"\" width=\"300\" height=\"193\" srcset=\"https:\/\/www.elsindical.com.ar\/notas\/var\/www\/html\/notas\/wp-content\/uploads\/2012\/11\/detenci\u00f3n-de-Urko-300x193.jpg 300w, https:\/\/www.elsindical.com.ar\/notas\/var\/www\/html\/notas\/wp-content\/uploads\/2012\/11\/detenci\u00f3n-de-Urko.jpg 443w\" sizes=\"auto, (max-width: 300px) 100vw, 300px\" \/><\/a>Un\u00a0integrante de la hinchada Millonaria que estuvo imputado en la investigaci\u00f3n por el crimen de <strong>Gonzalo Acro<\/strong> fue capturado en Parque Patricios acusado de haber participado en distintos robos a empresas financieras.<\/em><\/p>\n<p style=\"text-align: justify;\">Se trata de <strong>Carlos Ariel Ber\u00f3n<\/strong>, alias \u201cUrko\u201d, quien fue apresado durante un allanamiento realizado por personal de la Divisi\u00f3n Fraudes Bancarios de la Polic\u00eda Federal en su departamento de la calle Matheu al 1700.<\/p>\n<p style=\"text-align: justify;\">La detenci\u00f3n de Ber\u00f3n fue ordenada por el Juez de instrucci\u00f3n 4, Rodrigo Pagano Mata, en el marco de una investigaci\u00f3n inicidada por distintos hechos de \u201c<em>salideras bancarias\u201d.<\/em><\/p>\n<p style=\"text-align: justify;\">Ber\u00f3n, quien ya ten\u00eda antecedentes penales por delitos de robo de 1999 y de 2005, est\u00e1 acusado por la polic\u00eda de integrar una banda delictiva y su trabajo espec\u00edfico dentro de la organizaci\u00f3n era la de \u201cmarcador\u201d de las v\u00edctimas dentro de las sucursales bancarias.<\/p>\n<p style=\"text-align: justify;\">Seg\u00fan la polic\u00eda, uno de los casos en los que estuvo involucrado ocurri\u00f3 en agosto del 2009, cuando qued\u00f3 captado por las c\u00e1maras de seguridad del Banco R\u00edo, de la sucursal del Jard\u00edn Bot\u00e1nico, ingresando para \u201cmarcar\u201d a un ciudadano chileno que hab\u00eda ido a hacer una extracci\u00f3n, por el cual ten\u00eda un pedido de captura.<\/p>\n<p style=\"text-align: justify;\">Ber\u00f3n hab\u00eda estado imputado en la causa por el crimen de Acro, ocurrido en el barrio porte\u00f1o de Villa Urquiza en el 2007, pero en febrero de este a\u00f1o fue sobrese\u00eddo por el Juez de instrucci\u00f3n porte\u00f1o Alejandro Cilleruelo.<\/p>\n<p style=\"text-align: justify;\">Seg\u00fan los investigadores, Ber\u00f3n ten\u00eda v\u00ednculos cercanos con Ariel \u201cColo\u201d Luna, quien fue acusado de ser el autor material del homicidio del hincha de River.<\/p>\n<p style=\"text-align: justify;\">Gonzalo Acro muri\u00f3 el 9 de agosto de 2007 como consecuencia de las heridas sufridas dos d\u00edas antes cuando sal\u00eda de un gimnasio del barrio porte\u00f1o de Villa Urquiza, donde varios hombres que lo esperaban en la zona se acercaron a atacarlo.<\/p>\n<p style=\"text-align: justify;\">Uno de ellos dispar\u00f3 un tiro en una de las piernas de Acro y otros dos en el cr\u00e1neo.<\/p>\n<p style=\"text-align: justify;\">Desde un comienzo los investigadores asociaron el ataque contra Acro con la violenta interna dentro de los \u201cBorrachos del Tabl\u00f3n\u201d, que enfrentaba a las facciones lideradas por <strong>Alan Schlenker,<\/strong> por un lado, y<strong> Adri\u00e1n Rousseau <\/strong>por otro, en la que militaba la v\u00edctima.<\/p>\n<p style=\"text-align: justify;\">En un juicio oral que termin\u00f3 el 8 de septiembre del 2011, Alan y su hermano, William Schlenker, fueron condenados a prisi\u00f3n perpetua por \u201cinstigar\u201d el crimen.<\/p>\n<p style=\"text-align: justify;\">El fallo fue dictado por el Tribunal Oral en lo Criminal 15, que los consider\u00f3 coautores del homicidio y tambi\u00e9n impuso la pena m\u00e1xima a<strong> Ariel \u201cColo\u201d Luna<\/strong>, <strong>Rub\u00e9n \u201cOveja\u201d Pintos <\/strong>y <strong>Pablo \u201cCucaracha\u201d Gir\u00f3n <\/strong>y \u201cpart\u00edcipe secundario\u201d a <strong>Mart\u00edn \u201cPluto\u201d Lococo<\/strong>, que recibi\u00f3 10 a\u00f1os de prisi\u00f3n.<\/p>\n","protected":false},"excerpt":{"rendered":"<p>Un\u00a0integrante de la hinchada Millonaria que estuvo imputado en la investigaci\u00f3n por el crimen de Gonzalo Acro fue capturado en Parque Patricios acusado de haber participado en distintos robos a empresas financieras. Se trata de Carlos Ariel Ber\u00f3n, alias \u201cUrko\u201d, quien fue apresado durante un allanamiento realizado por personal de la Divisi\u00f3n Fraudes Bancarios de&hellip;<\/p>\n","protected":false},"author":1,"featured_media":0,"comment_status":"open","ping_status":"open","sticky":false,"template":"","format":"standard","meta":{"footnotes":""},"categories":[22],"tags":[7061,13513,91,1752,958,2391,1174,8679],"class_list":["post-29278","post","type-post","status-publish","format-standard","hentry","category-policiales","tag-barra","tag-carlos-ariel-beron-urko","tag-detenido","tag-parque-patricios","tag-policia-federal","tag-river","tag-robos","tag-salideras-bancarias"],"_links":{"self":[{"href":"https:\/\/www.elsindical.com.ar\/notas\/wp-json\/wp\/v2\/posts\/29278","targetHints":{"allow":["GET"]}}],"collection":[{"href":"https:\/\/www.elsindical.com.ar\/notas\/wp-json\/wp\/v2\/posts"}],"about":[{"href":"https:\/\/www.elsindical.com.ar\/notas\/wp-json\/wp\/v2\/types\/post"}],"author":[{"embeddable":true,"href":"https:\/\/www.elsindical.com.ar\/notas\/wp-json\/wp\/v2\/users\/1"}],"replies":[{"embeddable":true,"href":"https:\/\/www.elsindical.com.ar\/notas\/wp-json\/wp\/v2\/comments?post=29278"}],"version-history":[{"count":2,"href":"https:\/\/www.elsindical.com.ar\/notas\/wp-json\/wp\/v2\/posts\/29278\/revisions"}],"predecessor-version":[{"id":29281,"href":"https:\/\/www.elsindical.com.ar\/notas\/wp-json\/wp\/v2\/posts\/29278\/revisions\/29281"}],"wp:attachment":[{"href":"https:\/\/www.elsindical.com.ar\/notas\/wp-json\/wp\/v2\/media?parent=29278"}],"wp:term":[{"taxonomy":"category","embeddable":true,"href":"https:\/\/www.elsindical.com.ar\/notas\/wp-json\/wp\/v2\/categories?post=29278"},{"taxonomy":"post_tag","embeddable":true,"href":"https:\/\/www.elsindical.com.ar\/notas\/wp-json\/wp\/v2\/tags?post=29278"}],"curies":[{"name":"wp","href":"https:\/\/api.w.org\/{rel}","templated":true}]}}