{"id":29276,"date":"2012-11-07T00:17:57","date_gmt":"2012-11-07T03:17:57","guid":{"rendered":"http:\/\/www.elsindical.com.ar\/notas\/?p=29276"},"modified":"2012-11-07T00:17:57","modified_gmt":"2012-11-07T03:17:57","slug":"oficializan-suba-salarial-de-25-para-el-personal-domestico","status":"publish","type":"post","link":"https:\/\/www.elsindical.com.ar\/notas\/oficializan-suba-salarial-de-25-para-el-personal-domestico\/","title":{"rendered":"Oficializan suba salarial de 25% para el personal dom\u00e9stico"},"content":{"rendered":"<p style=\"text-align: justify;\"><em><a href=\"http:\/\/www.elsindical.com.ar\/notas\/var\/www\/html\/notas\/wp-content\/uploads\/2010\/08\/personal-dom\u00e9stico.jpg\"><img loading=\"lazy\" decoding=\"async\" class=\"alignleft size-full wp-image-8268\" title=\"personal-dom\u00e9stico\" src=\"http:\/\/www.elsindical.com.ar\/notas\/var\/www\/html\/notas\/wp-content\/uploads\/2010\/08\/personal-dom\u00e9stico.jpg\" alt=\"\" width=\"283\" height=\"188\" \/><\/a>Lo dispuso el Ministerio de Trabajo. De cu\u00e1nto es el salario m\u00ednimo por ocho horas diarias.<\/em><\/p>\n<p style=\"text-align: justify;\">El gobierno nacional oficializ\u00f3 por decreto una <strong>suba salarial de 25%<\/strong> para el personal dom\u00e9stico.<\/p>\n<p style=\"text-align: justify;\">A trav\u00e9s de la resoluci\u00f3n 958\/2012 publicada en el Bolet\u00edn Oficial, el Ministerio de Trabajo formaliz\u00f3 la elevaci\u00f3n de la <strong>hora laboral<\/strong> de ese sector de $ 15,79 a <strong>$19,74<\/strong>.<\/p>\n<p style=\"text-align: justify;\">En tanto el <strong>sueldo m\u00ednimo<\/strong>, en el caso del personal que desarrolla sus tareas durante ocho horas con retiro, pasar\u00e1 de $2.071,88 a <strong>$2.589,85<\/strong>.<\/p>\n<p style=\"text-align: justify;\">En el caso de cocineros, mucamas, ni\u00f1eras, auxiliares, caseros o jardineros sin retiro, el salario b\u00e1sico se elevar\u00e1 de $2.309,54 a $2.954,95.<\/p>\n<p style=\"text-align: justify;\">En tanto, el sueldo b\u00e1sico para institutrices, preceptores, gobernantas, mayordomos, amas de llave, damas de compa\u00f1\u00eda y nurses con una jornada de ocho horas ascender\u00e1 a $ 3.184,01 si es personal con retiro y se elevar\u00e1 a $ 3.549,13 en el caso de no serlo. Para los aprendices, trabajadores de 16 a 17 a\u00f1os, el ingres\u00f3 m\u00ednimo ser\u00e1 de $ 2.589,85.<\/p>\n<p style=\"text-align: justify;\">La norma decretada rige para todo el pa\u00eds <strong>a excepci\u00f3n de la provincia de C\u00f3rdoba<\/strong>, donde existe una escala especial de categor\u00edas.<\/p>\n","protected":false},"excerpt":{"rendered":"<p>Lo dispuso el Ministerio de Trabajo. De cu\u00e1nto es el salario m\u00ednimo por ocho horas diarias. El gobierno nacional oficializ\u00f3 por decreto una suba salarial de 25% para el personal dom\u00e9stico. A trav\u00e9s de la resoluci\u00f3n 958\/2012 publicada en el Bolet\u00edn Oficial, el Ministerio de Trabajo formaliz\u00f3 la elevaci\u00f3n de la hora laboral de ese&hellip;<\/p>\n","protected":false},"author":1,"featured_media":0,"comment_status":"open","ping_status":"open","sticky":false,"template":"","format":"standard","meta":{"footnotes":""},"categories":[9],"tags":[357,257,3367,1494],"class_list":["post-29276","post","type-post","status-publish","format-standard","hentry","category-economia","tag-aumento","tag-ministerio-de-trabajo","tag-personal-domestico","tag-salario"],"_links":{"self":[{"href":"https:\/\/www.elsindical.com.ar\/notas\/wp-json\/wp\/v2\/posts\/29276","targetHints":{"allow":["GET"]}}],"collection":[{"href":"https:\/\/www.elsindical.com.ar\/notas\/wp-json\/wp\/v2\/posts"}],"about":[{"href":"https:\/\/www.elsindical.com.ar\/notas\/wp-json\/wp\/v2\/types\/post"}],"author":[{"embeddable":true,"href":"https:\/\/www.elsindical.com.ar\/notas\/wp-json\/wp\/v2\/users\/1"}],"replies":[{"embeddable":true,"href":"https:\/\/www.elsindical.com.ar\/notas\/wp-json\/wp\/v2\/comments?post=29276"}],"version-history":[{"count":1,"href":"https:\/\/www.elsindical.com.ar\/notas\/wp-json\/wp\/v2\/posts\/29276\/revisions"}],"predecessor-version":[{"id":29277,"href":"https:\/\/www.elsindical.com.ar\/notas\/wp-json\/wp\/v2\/posts\/29276\/revisions\/29277"}],"wp:attachment":[{"href":"https:\/\/www.elsindical.com.ar\/notas\/wp-json\/wp\/v2\/media?parent=29276"}],"wp:term":[{"taxonomy":"category","embeddable":true,"href":"https:\/\/www.elsindical.com.ar\/notas\/wp-json\/wp\/v2\/categories?post=29276"},{"taxonomy":"post_tag","embeddable":true,"href":"https:\/\/www.elsindical.com.ar\/notas\/wp-json\/wp\/v2\/tags?post=29276"}],"curies":[{"name":"wp","href":"https:\/\/api.w.org\/{rel}","templated":true}]}}