{"id":29271,"date":"2012-11-07T00:10:04","date_gmt":"2012-11-07T03:10:04","guid":{"rendered":"http:\/\/www.elsindical.com.ar\/notas\/?p=29271"},"modified":"2012-11-07T01:56:04","modified_gmt":"2012-11-07T04:56:04","slug":"efemeridesdel-dia-7-de-noviembre-3","status":"publish","type":"post","link":"https:\/\/www.elsindical.com.ar\/notas\/efemeridesdel-dia-7-de-noviembre-3\/","title":{"rendered":"EFEM\u00c9RIDES:DEL D\u00cdA 7 DE NOVIEMBRE"},"content":{"rendered":"<p style=\"text-align: justify;\"><a href=\"http:\/\/www.elsindical.com.ar\/notas\/var\/www\/html\/notas\/wp-content\/uploads\/2012\/11\/Alberto-Fujimori-detenido-en-Chile.jpg\"><img loading=\"lazy\" decoding=\"async\" class=\"alignleft size-medium wp-image-29272\" title=\"Alberto-Fujimori-detenido-en-Chile\" src=\"http:\/\/www.elsindical.com.ar\/notas\/var\/www\/html\/notas\/wp-content\/uploads\/2012\/11\/Alberto-Fujimori-detenido-en-Chile-300x204.jpg\" alt=\"\" width=\"300\" height=\"204\" srcset=\"https:\/\/www.elsindical.com.ar\/notas\/var\/www\/html\/notas\/wp-content\/uploads\/2012\/11\/Alberto-Fujimori-detenido-en-Chile-300x204.jpg 300w, https:\/\/www.elsindical.com.ar\/notas\/var\/www\/html\/notas\/wp-content\/uploads\/2012\/11\/Alberto-Fujimori-detenido-en-Chile.jpg 413w\" sizes=\"auto, (max-width: 300px) 100vw, 300px\" \/><\/a>En un siete de noviembre, pero de 1917, los insurrectos asaltan el Palacio de San Petersburgo, con lo que comienza la Revoluci\u00f3n Rusa. Vladimir Lenin es nombrado presidente del primer Gobierno sovi\u00e9tico.<\/p>\n<p style=\"text-align: justify;\">1792- Las tropas revolucionarias francesas se apoderan de B\u00e9lgica, tras la batalla de Jammapes, ganada a los austr\u00edacos.<\/p>\n<p style=\"text-align: justify;\">1808- El patriota dominicano Juan S\u00e1nchez Ram\u00edrez, al frente del movimiento armado \u00abLa Reconquista\u00bb, derrota a las tropas francesas de Hait\u00ed en Palo Hincado (Rep\u00fablica Dominicana), en lucha por la independencia de su patria.<\/p>\n<p style=\"text-align: justify;\">1810- Batalla de Suipacha (Bolivia), junto a la frontera argentina, que constituy\u00f3 el primer triunfo argentino en pro de su independencia.<\/p>\n<p style=\"text-align: justify;\">1822- El poeta Manuel Jos\u00e9 Quintana inaugura la Universidad de Madrid, denominada desde 1850 Universidad Central y despu\u00e9s Universidad Complutense.<\/p>\n<p style=\"text-align: justify;\">1825- En Recife (Brasil) es fundado el \u00abDiario de Pernambuco\u00bb, el m\u00e1s antiguo de los diarios del pa\u00eds, que todav\u00eda se publica.<\/p>\n<p style=\"text-align: justify;\">1831- Abolida la trata de negros en Brasil.<\/p>\n<p style=\"text-align: justify;\">1867- Nace Marie Curie, qu\u00edmica polaco-francesa, Premio Nobel 1911.<\/p>\n<p style=\"text-align: justify;\">1873- Guerra de Cuba. Los patriotas cubanos, dirigidos por M\u00e1ximo G\u00f3mez, baten a las tropas espa\u00f1olas en La Sacra.<\/p>\n<p style=\"text-align: justify;\">1879- Nace Le\u00f3n Bronstein, \u00abTrotski\u00bb, revolucionario sovi\u00e9tico.<\/p>\n<p style=\"text-align: justify;\">1885- Concluye la construcci\u00f3n del ferrocarril \u00abCanadian Pacific\u00bb.<\/p>\n<p style=\"text-align: justify;\">1900- William McKinley es reelegido presidente de EEUU.<\/p>\n<p style=\"text-align: justify;\">1913- Nace Albert Camus, escritor franc\u00e9s, Premio Nobel 1957.<\/p>\n<p style=\"text-align: justify;\">1916- Thomas Woodrow Wilson es reelegido presidente de EEUU.<\/p>\n<p style=\"text-align: justify;\">1921- Se inicia en Roma la reuni\u00f3n constituyente del Congreso Nacional Fascista, del que Benito Mussolini sale como \u00abDuce\u00bb.<\/p>\n<p style=\"text-align: justify;\">1940- Nace Antonio Skarmeta, escritor chileno.<\/p>\n<p style=\"text-align: justify;\">1942- II Guerra Mundial: Los aliados, con m\u00e1s de 100.000 hombres al mando de Eisenhower, desembarcan en el Norte de \u00c1frica.<\/p>\n<p style=\"text-align: justify;\">1944- Franklin Delano Roosevelt es reelegido presidente de Estados Unidos.<\/p>\n<p style=\"text-align: justify;\">1945- Muere Carlos Butler, m\u00e9dico y cirujano uruguayo.<\/p>\n<p style=\"text-align: justify;\">1961- El presidente ecuatoriano, Jos\u00e9 Mar\u00eda Velasco Ibarra, obligado a renunciar a su cargo, es reemplazado por el vicepresidente, Carlos Julio Arosamena.<\/p>\n<p style=\"text-align: justify;\">&#8211; Konrad Adenauer es reelegido canciller de Alemania por el Parlamento Federal.<\/p>\n<p style=\"text-align: justify;\">1972- Richard Nixon es reelegido presidente de EEUU.<\/p>\n<p style=\"text-align: justify;\">1986- Costa Rica anuncia el establecimiento de una zona militarizada a lo largo de su frontera con Nicaragua. El Gobierno sandinista prorroga por tres meses el estado de emergencia.<\/p>\n<p style=\"text-align: justify;\">1987- El cient\u00edfico espa\u00f1ol Federico Mayor Zaragoza es nombrado director general de la UNESCO.<\/p>\n<p style=\"text-align: justify;\">1989- El Consejo de Seguridad de la ONU decide crear una nueva fuerza de paz, el Grupo de Observadores de Naciones Unidas para Centroam\u00e9rica (ONUCA).<\/p>\n<p style=\"text-align: justify;\">1991- Azerbaiy\u00e1n se convierte en la novena rep\u00fablica que se declara independiente de la URSS.<\/p>\n<p style=\"text-align: justify;\">1996- Lanzado con \u00e9xito el \u00abGlobal Surveyor\u00bb, primera de las diez naves no tripuladas que tienen como misi\u00f3n averiguar si existe o ha existido vida en Marte.<\/p>\n<p style=\"text-align: justify;\">&#8211; Un Boeing 727 nigeriano con 141 personas a bordo se estrella en una laguna a 40 kil\u00f3metros de Lagos, sin que nadie sobreviva.<\/p>\n<p style=\"text-align: justify;\">2000- EEUU celebra las presidenciales m\u00e1s disputadas de su historia en las que el republicano George W. Bush y el dem\u00f3crata Al Gore logran similar porcentaje de votos, que llevaron a demorar hasta diciembre la victoria Bush.<\/p>\n<p style=\"text-align: justify;\">2001- EEUU no ratifica el Protocolo de Kioto en la reuni\u00f3n de Marruecos.<\/p>\n<p style=\"text-align: justify;\">&#8211; Fernando de la R\u00faa, presidente de Argentina, reprograma la deuda para evitar la suspensi\u00f3n de pagos.<\/p>\n<p style=\"text-align: justify;\">&#8211; Fallece Delia Garc\u00e9s, actriz argentina.<\/p>\n<p style=\"text-align: justify;\">2002- Muere Rudolf Augstein, periodista alem\u00e1n fundador y editor de \u00abDer Spiegel\u00bb.<\/p>\n<p style=\"text-align: justify;\">2005- El ex presidente Alberto Fujimori es detenido en Chile.<\/p>\n<p style=\"text-align: justify;\">2006- Panam\u00e1 es elegido miembro permanente del Consejo de Seguridad de la ONU para el bienio 2007-2008.<\/p>\n<p style=\"text-align: justify;\">2007- Un buque surcoreano choca contra el puente de San Francisco (EEUU) y vierte 235.000 litros de combustible.<\/p>\n<p style=\"text-align: justify;\">&#8211; El presidente de Venezuela, Hugo Chavez, se re\u00fane por primera vez con un representante de las FARC para mediar entre la guerrilla y el Gobierno de Colombia.<\/p>\n<p style=\"text-align: justify;\">2008- El Congreso argentino aprueba eliminar los fondos privados de pensiones y establecer un sistema de previsi\u00f3n \u00fanico obligatorio.<\/p>\n<p style=\"text-align: justify;\">2009- Fallece Humberto Rivas, fot\u00f3grafo argentino.<\/p>\n","protected":false},"excerpt":{"rendered":"<p>En un siete de noviembre, pero de 1917, los insurrectos asaltan el Palacio de San Petersburgo, con lo que comienza la Revoluci\u00f3n Rusa. Vladimir Lenin es nombrado presidente del primer Gobierno sovi\u00e9tico. 1792- Las tropas revolucionarias francesas se apoderan de B\u00e9lgica, tras la batalla de Jammapes, ganada a los austr\u00edacos. 1808- El patriota dominicano Juan&hellip;<\/p>\n","protected":false},"author":1,"featured_media":0,"comment_status":"open","ping_status":"open","sticky":false,"template":"","format":"standard","meta":{"footnotes":""},"categories":[14],"tags":[],"class_list":["post-29271","post","type-post","status-publish","format-standard","hentry","category-efemerides"],"_links":{"self":[{"href":"https:\/\/www.elsindical.com.ar\/notas\/wp-json\/wp\/v2\/posts\/29271","targetHints":{"allow":["GET"]}}],"collection":[{"href":"https:\/\/www.elsindical.com.ar\/notas\/wp-json\/wp\/v2\/posts"}],"about":[{"href":"https:\/\/www.elsindical.com.ar\/notas\/wp-json\/wp\/v2\/types\/post"}],"author":[{"embeddable":true,"href":"https:\/\/www.elsindical.com.ar\/notas\/wp-json\/wp\/v2\/users\/1"}],"replies":[{"embeddable":true,"href":"https:\/\/www.elsindical.com.ar\/notas\/wp-json\/wp\/v2\/comments?post=29271"}],"version-history":[{"count":5,"href":"https:\/\/www.elsindical.com.ar\/notas\/wp-json\/wp\/v2\/posts\/29271\/revisions"}],"predecessor-version":[{"id":29275,"href":"https:\/\/www.elsindical.com.ar\/notas\/wp-json\/wp\/v2\/posts\/29271\/revisions\/29275"}],"wp:attachment":[{"href":"https:\/\/www.elsindical.com.ar\/notas\/wp-json\/wp\/v2\/media?parent=29271"}],"wp:term":[{"taxonomy":"category","embeddable":true,"href":"https:\/\/www.elsindical.com.ar\/notas\/wp-json\/wp\/v2\/categories?post=29271"},{"taxonomy":"post_tag","embeddable":true,"href":"https:\/\/www.elsindical.com.ar\/notas\/wp-json\/wp\/v2\/tags?post=29271"}],"curies":[{"name":"wp","href":"https:\/\/api.w.org\/{rel}","templated":true}]}}