{"id":29244,"date":"2012-11-06T00:37:40","date_gmt":"2012-11-06T03:37:40","guid":{"rendered":"http:\/\/www.elsindical.com.ar\/notas\/?p=29244"},"modified":"2012-11-06T00:37:40","modified_gmt":"2012-11-06T03:37:40","slug":"la-pampaallanaron-una-casa-por-una-denuncia-de-abuso-y-hallan-el-cadaver-de-una-nina","status":"publish","type":"post","link":"https:\/\/www.elsindical.com.ar\/notas\/la-pampaallanaron-una-casa-por-una-denuncia-de-abuso-y-hallan-el-cadaver-de-una-nina\/","title":{"rendered":"La Pampa:Allanaron una casa por una denuncia de abuso y hallan el cad\u00e1ver de una ni\u00f1a"},"content":{"rendered":"<p style=\"text-align: justify;\"><em><a href=\"http:\/\/www.elsindical.com.ar\/notas\/var\/www\/html\/notas\/wp-content\/uploads\/2012\/11\/Jos\u00e9-Luis-Jansen.jpg\"><img loading=\"lazy\" decoding=\"async\" class=\"alignleft size-medium wp-image-29245\" title=\"Jos\u00e9-Luis-Jansen\" src=\"http:\/\/www.elsindical.com.ar\/notas\/var\/www\/html\/notas\/wp-content\/uploads\/2012\/11\/Jos\u00e9-Luis-Jansen-300x168.jpg\" alt=\"\" width=\"300\" height=\"168\" srcset=\"https:\/\/www.elsindical.com.ar\/notas\/var\/www\/html\/notas\/wp-content\/uploads\/2012\/11\/Jos\u00e9-Luis-Jansen-300x168.jpg 300w, https:\/\/www.elsindical.com.ar\/notas\/var\/www\/html\/notas\/wp-content\/uploads\/2012\/11\/Jos\u00e9-Luis-Jansen-500x280.jpg 500w, https:\/\/www.elsindical.com.ar\/notas\/var\/www\/html\/notas\/wp-content\/uploads\/2012\/11\/Jos\u00e9-Luis-Jansen.jpg 502w\" sizes=\"auto, (max-width: 300px) 100vw, 300px\" \/><\/a>El hecho ocurri\u00f3 ayer por la ma\u00f1ana, en <strong>La Pampa.<\/strong> Se cree que el cuerpo ser\u00eda el de Sof\u00eda Viale, una <strong>nena de 12 a\u00f1os desaparecida desde agosto<\/strong>. Familiares y vecinos protestaron en la comisar\u00eda y se produjeron incidentes.<\/em><\/p>\n<p style=\"text-align: justify;\">El procedimiento comenz\u00f3 en las primeras horas de la ma\u00f1ana de este lunes, cuando la polic\u00eda de La Pampa llega hasta la vivienda de Jos\u00e9 Luis Jansen, acusado de haber abusado sexualmente de una adolescente para realizar un allanamiento.<\/p>\n<p style=\"text-align: justify;\">En el operativo, que se extendi\u00f3 hasta la tarde, los efectivos terminaron hallando el cad\u00e1ver de una ni\u00f1a, que se cree ser\u00eda el de Sof\u00eda Viale, de 12 a\u00f1os, desaparecida desde agosto pasado, seg\u00fan informa el <em>Diario La Pampa.<\/em><\/p>\n<p style=\"text-align: justify;\">La noticia gener\u00f3 conmoci\u00f3n en la ciudad de General Pico y hacia la noche familiares de ambas chicas y vecinos realizaron una pueblada en la comisar\u00eda de la zona, que incluy\u00f3 quemas en la dependencia policial. Tambi\u00e9n prendieron fuego una traffic con una bomba molotov.<\/p>\n<p style=\"text-align: justify;\">De acuerdo a los medios locales, participaron de la protesta alrededor de mil personas y la polic\u00eda reprimi\u00f3 con balas de goma.<\/p>\n<p style=\"text-align: justify;\">El sospechoso, Jos\u00e9 Luis Jansen de 32 a\u00f1os, estaba pr\u00f3fugo pero cerca de las 22 logr\u00f3 ser detenido en la ciudad de Am\u00e9rica, provincia de Buenos Aires. La esposa y el hijastro tambi\u00e9n fueron arrestados.<\/p>\n<p style=\"text-align: justify;\">El hecho ocurri\u00f3 en una vivienda ubicada en el barrio Ranqueles, a una cuadra y media de la casa de la ni\u00f1a desaparecida hace m\u00e1s de dos meses, en la ciudad pampeana de General Pico.<\/p>\n","protected":false},"excerpt":{"rendered":"<p>El hecho ocurri\u00f3 ayer por la ma\u00f1ana, en La Pampa. Se cree que el cuerpo ser\u00eda el de Sof\u00eda Viale, una nena de 12 a\u00f1os desaparecida desde agosto. Familiares y vecinos protestaron en la comisar\u00eda y se produjeron incidentes. El procedimiento comenz\u00f3 en las primeras horas de la ma\u00f1ana de este lunes, cuando la polic\u00eda&hellip;<\/p>\n","protected":false},"author":1,"featured_media":0,"comment_status":"open","ping_status":"open","sticky":false,"template":"","format":"standard","meta":{"footnotes":""},"categories":[22],"tags":[783,2551,1804,1227,1096,13496,1912,4109,13495],"class_list":["post-29244","post","type-post","status-publish","format-standard","hentry","category-policiales","tag-abuso-sexual","tag-adolescente","tag-america","tag-comisaria","tag-cuerpo","tag-jose-luis-jansen","tag-la-pampa","tag-nina","tag-sofia-viale"],"_links":{"self":[{"href":"https:\/\/www.elsindical.com.ar\/notas\/wp-json\/wp\/v2\/posts\/29244","targetHints":{"allow":["GET"]}}],"collection":[{"href":"https:\/\/www.elsindical.com.ar\/notas\/wp-json\/wp\/v2\/posts"}],"about":[{"href":"https:\/\/www.elsindical.com.ar\/notas\/wp-json\/wp\/v2\/types\/post"}],"author":[{"embeddable":true,"href":"https:\/\/www.elsindical.com.ar\/notas\/wp-json\/wp\/v2\/users\/1"}],"replies":[{"embeddable":true,"href":"https:\/\/www.elsindical.com.ar\/notas\/wp-json\/wp\/v2\/comments?post=29244"}],"version-history":[{"count":2,"href":"https:\/\/www.elsindical.com.ar\/notas\/wp-json\/wp\/v2\/posts\/29244\/revisions"}],"predecessor-version":[{"id":29247,"href":"https:\/\/www.elsindical.com.ar\/notas\/wp-json\/wp\/v2\/posts\/29244\/revisions\/29247"}],"wp:attachment":[{"href":"https:\/\/www.elsindical.com.ar\/notas\/wp-json\/wp\/v2\/media?parent=29244"}],"wp:term":[{"taxonomy":"category","embeddable":true,"href":"https:\/\/www.elsindical.com.ar\/notas\/wp-json\/wp\/v2\/categories?post=29244"},{"taxonomy":"post_tag","embeddable":true,"href":"https:\/\/www.elsindical.com.ar\/notas\/wp-json\/wp\/v2\/tags?post=29244"}],"curies":[{"name":"wp","href":"https:\/\/api.w.org\/{rel}","templated":true}]}}