{"id":29231,"date":"2012-11-05T16:49:26","date_gmt":"2012-11-05T19:49:26","guid":{"rendered":"http:\/\/www.elsindical.com.ar\/notas\/?p=29231"},"modified":"2012-11-05T16:49:26","modified_gmt":"2012-11-05T19:49:26","slug":"santa-feexcarcelaron-al-ex-jefe-de-policia-beneficiado-con-una-falta-de-merito","status":"publish","type":"post","link":"https:\/\/www.elsindical.com.ar\/notas\/santa-feexcarcelaron-al-ex-jefe-de-policia-beneficiado-con-una-falta-de-merito\/","title":{"rendered":"Santa Fe:Excarcelaron al ex Jefe de Polic\u00eda, beneficiado con una falta de m\u00e9rito"},"content":{"rendered":"<p style=\"text-align: justify;\"><em><a href=\"http:\/\/www.elsindical.com.ar\/notas\/var\/www\/html\/notas\/wp-content\/uploads\/2012\/11\/Hugo-Tognoli-en-tribunales-federales.jpg\"><img loading=\"lazy\" decoding=\"async\" class=\"alignleft size-medium wp-image-29232\" title=\"Hugo-Tognoli-en-tribunales-federales\" src=\"http:\/\/www.elsindical.com.ar\/notas\/var\/www\/html\/notas\/wp-content\/uploads\/2012\/11\/Hugo-Tognoli-en-tribunales-federales-300x116.jpg\" alt=\"\" width=\"300\" height=\"116\" srcset=\"https:\/\/www.elsindical.com.ar\/notas\/var\/www\/html\/notas\/wp-content\/uploads\/2012\/11\/Hugo-Tognoli-en-tribunales-federales-300x116.jpg 300w, https:\/\/www.elsindical.com.ar\/notas\/var\/www\/html\/notas\/wp-content\/uploads\/2012\/11\/Hugo-Tognoli-en-tribunales-federales-500x194.jpg 500w, https:\/\/www.elsindical.com.ar\/notas\/var\/www\/html\/notas\/wp-content\/uploads\/2012\/11\/Hugo-Tognoli-en-tribunales-federales.jpg 502w\" sizes=\"auto, (max-width: 300px) 100vw, 300px\" \/><\/a>Tras 15 d\u00edas de detenci\u00f3n, <strong>Hugo Tognoli<\/strong> fue <strong>liberado<\/strong> por decisi\u00f3n del Juez federal <strong>Carlos Vera Barros<\/strong>, quien entendi\u00f3 que los elementos obrantes eran inconsistentes para vincularlo con la supuesta colaboraci\u00f3n con el <strong>narcotr\u00e1fico<\/strong>. Igual, <strong>rechaz\u00f3 el sobreseimiento.<\/strong><\/em><\/p>\n<p style=\"text-align: justify;\">El ex jefe de polic\u00eda de Santa Fe fue excarcelado luego de que el Juez federal dictara la <strong>falta de m\u00e9rito<\/strong> en la causa abierta por su supuesto v\u00ednculo con el narcotr\u00e1fico.<\/p>\n<p style=\"text-align: justify;\">En declaraciones al diario rosarino <em>La Capital<\/em>, el magistrado <strong>Vera Barros<\/strong> explic\u00f3 que la decisi\u00f3n fue adoptada a ra\u00edz de que los elementos obrantes contra el ex jefe policial no tienen consistencia para vincularlo con la comisi\u00f3n del delito por el cual fue investigado por la Polic\u00eda de Seguridad Aeroportuaria (PSA).<\/p>\n<p style=\"text-align: justify;\">De todos modos, el Juez <strong>rechaz\u00f3<\/strong> el planteo de la defensa de Tognoli, que hab\u00eda pedido el <strong>sobreseimiento<\/strong> para lograr su desvinculaci\u00f3n definitiva de la causa.<\/p>\n<p style=\"text-align: justify;\">Al respecto, la Fiscal de la causa,<strong> Liliana Bettiolo<\/strong>, aclar\u00f3 que el ex jefe policial \u00ab<strong>sigue investigado y hay que seguir con las medidas de prueba\u00bb<\/strong>. Y apunt\u00f3 que la falta de m\u00e9rito quiere decir que \u00ablas pruebas que se han reunido no era suficientes para procesarlo\u00bb.<\/p>\n<p style=\"text-align: justify;\">Una de las claves para la liberaci\u00f3n de <strong>Tognoli<\/strong> -cuenta el diario santafesino mencionado- habr\u00eda sido la constataci\u00f3n de que la clave con la que se consult\u00f3 al Registro Nacional de Propiedad Automotor no fue usada por el ex jefe policial: s\u00f3lo la gestion\u00f3 en su calidad de jefe de la Direcci\u00f3n General de Prevenci\u00f3n y Control de Adicciones.<\/p>\n<p style=\"text-align: justify;\">Tras la decisi\u00f3n judicial, <strong>Tognoli<\/strong> abandon\u00f3 en las primeras horas de la tarde la dependencia de la Polic\u00eda de Seguridad Aeroportuaria (PSA) en el <strong>aeropuerto de Fisherton<\/strong>, donde estuvo detenido durante los \u00faltimos 15 d\u00edas.<\/p>\n<p style=\"text-align: justify;\">El ex l\u00edder de la fuerza policial se retir\u00f3 acompa\u00f1ado por su familia y <strong>sin hacer declaraciones<\/strong> pese a la insistencia de la prensa que esperaba su salida.<\/p>\n","protected":false},"excerpt":{"rendered":"<p>Tras 15 d\u00edas de detenci\u00f3n, Hugo Tognoli fue liberado por decisi\u00f3n del Juez federal Carlos Vera Barros, quien entendi\u00f3 que los elementos obrantes eran inconsistentes para vincularlo con la supuesta colaboraci\u00f3n con el narcotr\u00e1fico. Igual, rechaz\u00f3 el sobreseimiento. El ex jefe de polic\u00eda de Santa Fe fue excarcelado luego de que el Juez federal dictara&hellip;<\/p>\n","protected":false},"author":1,"featured_media":0,"comment_status":"open","ping_status":"open","sticky":false,"template":"","format":"standard","meta":{"footnotes":""},"categories":[20],"tags":[13221,9809,13238,204,609],"class_list":["post-29231","post","type-post","status-publish","format-standard","hentry","category-judiciales","tag-comisario-general-hugo-tognoli","tag-falta-de-merito","tag-juez-federal-carlos-vera-barros","tag-narcotrafico","tag-santa-fe"],"_links":{"self":[{"href":"https:\/\/www.elsindical.com.ar\/notas\/wp-json\/wp\/v2\/posts\/29231","targetHints":{"allow":["GET"]}}],"collection":[{"href":"https:\/\/www.elsindical.com.ar\/notas\/wp-json\/wp\/v2\/posts"}],"about":[{"href":"https:\/\/www.elsindical.com.ar\/notas\/wp-json\/wp\/v2\/types\/post"}],"author":[{"embeddable":true,"href":"https:\/\/www.elsindical.com.ar\/notas\/wp-json\/wp\/v2\/users\/1"}],"replies":[{"embeddable":true,"href":"https:\/\/www.elsindical.com.ar\/notas\/wp-json\/wp\/v2\/comments?post=29231"}],"version-history":[{"count":1,"href":"https:\/\/www.elsindical.com.ar\/notas\/wp-json\/wp\/v2\/posts\/29231\/revisions"}],"predecessor-version":[{"id":29233,"href":"https:\/\/www.elsindical.com.ar\/notas\/wp-json\/wp\/v2\/posts\/29231\/revisions\/29233"}],"wp:attachment":[{"href":"https:\/\/www.elsindical.com.ar\/notas\/wp-json\/wp\/v2\/media?parent=29231"}],"wp:term":[{"taxonomy":"category","embeddable":true,"href":"https:\/\/www.elsindical.com.ar\/notas\/wp-json\/wp\/v2\/categories?post=29231"},{"taxonomy":"post_tag","embeddable":true,"href":"https:\/\/www.elsindical.com.ar\/notas\/wp-json\/wp\/v2\/tags?post=29231"}],"curies":[{"name":"wp","href":"https:\/\/api.w.org\/{rel}","templated":true}]}}