{"id":29175,"date":"2012-11-03T01:29:00","date_gmt":"2012-11-03T04:29:00","guid":{"rendered":"http:\/\/www.elsindical.com.ar\/notas\/?p=29175"},"modified":"2012-11-03T01:29:00","modified_gmt":"2012-11-03T04:29:00","slug":"garre-anuncio-que-se-suman-1-700-efectivos-a-la-federal","status":"publish","type":"post","link":"https:\/\/www.elsindical.com.ar\/notas\/garre-anuncio-que-se-suman-1-700-efectivos-a-la-federal\/","title":{"rendered":"Garr\u00e9 anunci\u00f3 que se suman 1.700 efectivos a la Federal"},"content":{"rendered":"<p style=\"text-align: justify;\"><em><a href=\"http:\/\/www.elsindical.com.ar\/notas\/var\/www\/html\/notas\/wp-content\/uploads\/2012\/11\/Garr\u00e9-plana-mayor-PFA.jpg\"><img loading=\"lazy\" decoding=\"async\" class=\"alignleft size-medium wp-image-29176\" title=\"Garr\u00e9-plana-mayor-PFA\" src=\"http:\/\/www.elsindical.com.ar\/notas\/var\/www\/html\/notas\/wp-content\/uploads\/2012\/11\/Garr\u00e9-plana-mayor-PFA-300x170.jpg\" alt=\"\" width=\"300\" height=\"170\" srcset=\"https:\/\/www.elsindical.com.ar\/notas\/var\/www\/html\/notas\/wp-content\/uploads\/2012\/11\/Garr\u00e9-plana-mayor-PFA-300x170.jpg 300w, https:\/\/www.elsindical.com.ar\/notas\/var\/www\/html\/notas\/wp-content\/uploads\/2012\/11\/Garr\u00e9-plana-mayor-PFA-500x283.jpg 500w, https:\/\/www.elsindical.com.ar\/notas\/var\/www\/html\/notas\/wp-content\/uploads\/2012\/11\/Garr\u00e9-plana-mayor-PFA.jpg 502w\" sizes=\"auto, (max-width: 300px) 100vw, 300px\" \/><\/a>La ministra de Seguridad destac\u00f3 la inversi\u00f3n de 200 millones de pesos en el proyecto \u201cBuenos Aires, Ciudad Segura\u201d.<\/em><\/p>\n<p style=\"text-align: justify;\">La ministra de Seguridad, <strong>Nilda Garr\u00e9<\/strong>, anunci\u00f3 hoy la incorporaci\u00f3n de <strong>1.700 nuevos efectivos<\/strong> a la <strong>Polic\u00eda Federal<\/strong> y destac\u00f3 la inversi\u00f3n de 200 millones de pesos en el proyecto \u201c<strong>Buenos Aires, Ciudad Segura\u201d<\/strong>, para el mejoramiento de vigilancia, prevenci\u00f3n y resoluci\u00f3n del delito.<\/p>\n<p style=\"text-align: justify;\">Garr\u00e9 formul\u00f3 el anuncio en la <strong>Escuela de Cadetes Juan Angel Pirke<\/strong>r, en el barrio porte\u00f1o de Villa Lugano, al festejarse la semana de la Polic\u00eda Federal, donde destac\u00f3 un \u201cprofundo reconocimiento y homenaje a cada uno de los efectivos ca\u00eddos en cumplimiento del deber y a su familia\u201d.<\/p>\n<p style=\"text-align: justify;\"><strong>\u2018El proyecto \u2018Buenos Aires, Ciudad Segura<\/strong>\u2018, con una inversi\u00f3n de 200 millones de pesos, va a revolucionar las capacidades de vigilancia, prevenci\u00f3n del delito y resoluci\u00f3n de il\u00edcitos, mediante un desarrollo sin precedentes de infraestructura, medios, capacitaci\u00f3n y doctrina\u201d, afirm\u00f3 Garr\u00e9.<\/p>\n<p style=\"text-align: justify;\">Seg\u00fan la ministra, este proyecto, \u201ccalificado por la propia conducci\u00f3n de la fuerza como el m\u00e1s importante y ambiciosos de toda su historia institucional, ha significado el despliegue en la\u00a0 ciudad de Buenos Aires de una red de fibra \u00f3ptica propia de quinientos kil\u00f3metros de longitud\u201d.<br \/>\nLa red \u201cconforma la primera autopista de seguridad metropolitana, conectando en alta velocidad\u201d las 53 comisarias a los ministerios de Seguridad, de Interior y Transporte, a la Presidencia de la Naci\u00f3n, a la Gendarmer\u00eda, a la Prefectura y a otros organismos.<\/p>\n<p style=\"text-align: justify;\">En su informe, Garr\u00e9 record\u00f3 la instalaci\u00f3n de 1.200 c\u00e1maras de videovigilancia y digitales de alta definici\u00f3n \u201cemplazadas en los puntos calientes determinados por el mapa del delito\u201d.<\/p>\n<p style=\"text-align: justify;\">Adem\u00e1s, cito la puesta en marcha de \u201ccinco centros regionales de monitoreo de esas video camaras, que cubren distintas \u00e1reas de doce comunas\u201d, a\u00f1adi\u00f3.<\/p>\n<p style=\"text-align: justify;\">Tambi\u00e9n resalt\u00f3 \u201cun centro unificado federal de respuesta r\u00e1pida que integra las im\u00e1genes y comunicaciones de las cuatro fuerza federales de seguridad ante casos de emergencias y catastrofes con cobertura nacional a trav\u00e9s de unidades m\u00f3viles satelitales\u201d.<\/p>\n<p style=\"text-align: justify;\">Garr\u00e9 se\u00f1al\u00f3 \u201cla dotaci\u00f3n de doscientos patrulleros tecnol\u00f3gicos, equipados con tablets, c\u00e1maras de graban y registran a trescientos sesenta grados, sensores de reconocimiento de patentes que contrastan los dominios de los veh\u00edculos en tr\u00e1nsito con la lista negra de pedidos de secuestros, generando alarmas autom\u00e1ticas\u201d.<\/p>\n<p style=\"text-align: justify;\">\u2018La instalaci\u00f3n de c\u00e1maras fijas de reconocimiento de patentes en los principales accesos de la ciudad; mil equipos de radios nuevos digitales encriptados y con GPS que permiten consultar bases de datos y ubicar la posici\u00f3n, ya ha empezado a rendir sus frutos\u201d, explic\u00f3.<\/p>\n<p style=\"text-align: justify;\">La ministra anunci\u00f3 que \u201c<strong>en los pr\u00f3ximos meses se incorporar\u00e1 un helicoptero biturbina multiprop\u00f3sito, cuatro \u00f3mnibus, veintidos furgones, ochenta camionetas, cincuenta patrulleros, siete autobombas,<\/strong> dos equipos adicionales de circuito cerrado de television m\u00f3viles, cuatro veh\u00edculos de rescate y cuatro camiones hidroelevadores\u201d.<\/p>\n<p style=\"text-align: justify;\">Finalmente, la ministra Garr\u00e9 subray\u00f3 la instrumentaci\u00f3n del Cuerpo de Polic\u00eda de Prevenci\u00f3n Barrial, que opera en la villa 31 y 31 bis, en la villa 15, en Ciudad Oculta y en el Barrio Zavaleta y los 400 efectivos \u201cespecialmente capacitados para la resoluci\u00f3n pac\u00edfica de conflictos, en patrullaje urbano y en prevenci\u00f3n de la violencia contra mujeres, ancianos y ni\u00f1os\u201d.<\/p>\n<p style=\"text-align: justify;\">Record\u00f3 otros logros de la gesti\u00f3n como la remodelaci\u00f3n de las comisar\u00edas 7\u00b0, 14\u00b0, 24\u00b0, 32\u00b0, 34\u00b0, 36\u00b0 y 38\u00b0, el <strong>Programa Tren Alerta<\/strong>, y las mejoras en la sanidad y la salud de los efectivos retirados y familiares en el Complejo M\u00e9dico Churruca-Visca.<\/p>\n<p style=\"text-align: justify;\">Garr\u00e9 admiti\u00f3 que el reclamo de la gente \u201ctrasciende cualquier estad\u00edstica seria y se debe concretar en vecinos tomando mate en su vereda, chicos jugando en las plazas y en familias disfrutando del espacio p\u00fablico, porque la calle es de todos\u201d.<\/p>\n<p style=\"text-align: justify;\">La ministra record\u00f3 que<strong> desde 2003 los efectivos de la Polic\u00eda Federal se han incrementado de menos de 35 mil a m\u00e1s de 39 mil <\/strong>y que en estos a\u00f1os hubo una \u201cevoluci\u00f3n del presupuesto general que tuvo un incremento mayor al quinientos por ciento\u201d pasando de 975 millones de pesos a m\u00e1s de 5.000 millones en 2011\u201d.<\/p>\n","protected":false},"excerpt":{"rendered":"<p>La ministra de Seguridad destac\u00f3 la inversi\u00f3n de 200 millones de pesos en el proyecto \u201cBuenos Aires, Ciudad Segura\u201d. La ministra de Seguridad, Nilda Garr\u00e9, anunci\u00f3 hoy la incorporaci\u00f3n de 1.700 nuevos efectivos a la Polic\u00eda Federal y destac\u00f3 la inversi\u00f3n de 200 millones de pesos en el proyecto \u201cBuenos Aires, Ciudad Segura\u201d, para el&hellip;<\/p>\n","protected":false},"author":1,"featured_media":0,"comment_status":"open","ping_status":"open","sticky":false,"template":"","format":"standard","meta":{"footnotes":""},"categories":[13],"tags":[154,675,812,13468,5366,698],"class_list":["post-29175","post","type-post","status-publish","format-standard","hentry","category-politica","tag-buenos-aires","tag-ciudad","tag-efectivos","tag-equipamietno","tag-nilda-garre","tag-pfa"],"_links":{"self":[{"href":"https:\/\/www.elsindical.com.ar\/notas\/wp-json\/wp\/v2\/posts\/29175","targetHints":{"allow":["GET"]}}],"collection":[{"href":"https:\/\/www.elsindical.com.ar\/notas\/wp-json\/wp\/v2\/posts"}],"about":[{"href":"https:\/\/www.elsindical.com.ar\/notas\/wp-json\/wp\/v2\/types\/post"}],"author":[{"embeddable":true,"href":"https:\/\/www.elsindical.com.ar\/notas\/wp-json\/wp\/v2\/users\/1"}],"replies":[{"embeddable":true,"href":"https:\/\/www.elsindical.com.ar\/notas\/wp-json\/wp\/v2\/comments?post=29175"}],"version-history":[{"count":2,"href":"https:\/\/www.elsindical.com.ar\/notas\/wp-json\/wp\/v2\/posts\/29175\/revisions"}],"predecessor-version":[{"id":29178,"href":"https:\/\/www.elsindical.com.ar\/notas\/wp-json\/wp\/v2\/posts\/29175\/revisions\/29178"}],"wp:attachment":[{"href":"https:\/\/www.elsindical.com.ar\/notas\/wp-json\/wp\/v2\/media?parent=29175"}],"wp:term":[{"taxonomy":"category","embeddable":true,"href":"https:\/\/www.elsindical.com.ar\/notas\/wp-json\/wp\/v2\/categories?post=29175"},{"taxonomy":"post_tag","embeddable":true,"href":"https:\/\/www.elsindical.com.ar\/notas\/wp-json\/wp\/v2\/tags?post=29175"}],"curies":[{"name":"wp","href":"https:\/\/api.w.org\/{rel}","templated":true}]}}