{"id":29150,"date":"2012-11-02T18:57:24","date_gmt":"2012-11-02T21:57:24","guid":{"rendered":"http:\/\/www.elsindical.com.ar\/notas\/?p=29150"},"modified":"2012-11-02T18:57:24","modified_gmt":"2012-11-02T21:57:24","slug":"messi-soy-el-hombre-mas-feliz-del-planeta","status":"publish","type":"post","link":"https:\/\/www.elsindical.com.ar\/notas\/messi-soy-el-hombre-mas-feliz-del-planeta\/","title":{"rendered":"Messi \u00absoy el hombre m\u00e1s feliz del planeta\u00bb"},"content":{"rendered":"<p style=\"text-align: justify;\"><em><a href=\"http:\/\/www.elsindical.com.ar\/notas\/var\/www\/html\/notas\/wp-content\/uploads\/2012\/11\/Messi-contento.jpg\"><img loading=\"lazy\" decoding=\"async\" class=\"alignleft size-medium wp-image-29151\" title=\"Messi-contento\" src=\"http:\/\/www.elsindical.com.ar\/notas\/var\/www\/html\/notas\/wp-content\/uploads\/2012\/11\/Messi-contento-300x224.jpg\" alt=\"\" width=\"300\" height=\"224\" srcset=\"https:\/\/www.elsindical.com.ar\/notas\/var\/www\/html\/notas\/wp-content\/uploads\/2012\/11\/Messi-contento-300x224.jpg 300w, https:\/\/www.elsindical.com.ar\/notas\/var\/www\/html\/notas\/wp-content\/uploads\/2012\/11\/Messi-contento-400x300.jpg 400w, https:\/\/www.elsindical.com.ar\/notas\/var\/www\/html\/notas\/wp-content\/uploads\/2012\/11\/Messi-contento.jpg 443w\" sizes=\"auto, (max-width: 300px) 100vw, 300px\" \/><\/a>\u00abLio\u00bb expres\u00f3 su emoci\u00f3n por el nacimiento de su primer hijo. Su mujer, Antonella, dio a luz en la cl\u00ednica catalana USP Dexeus. Se prev\u00e9 que el delantero juegue ma\u00f1ana ante Celta.<\/em><\/p>\n<p style=\"text-align: justify;\">Finalmente, este viernes 2 de noviembre el astro argentino <strong>Lionel Messi fue pap\u00e1<\/strong>. Su hijo, <strong>Thiago<\/strong>, naci\u00f3 en el centro de salud USP Dexeus, seg\u00fan inform\u00f3 <strong>Mar\u00eda Sol Messi<\/strong>, hermana del jugador, en la red social Twitter.<\/p>\n<p style=\"text-align: justify;\">\u00ab<strong>Bienvenido Thiaguitooo<\/strong>\u00ab, lanz\u00f3 la joven ante la alegr\u00eda de los miles de seguidores que tiene.<\/p>\n<p style=\"text-align: justify;\">Minutos despu\u00e9s, el encargado de confirmar la noticia fue el padre del jugador, <strong>Jorge Messi<\/strong>. \u00abYa naci\u00f3, sali\u00f3 todo bien\u00bb, le dijo a la agencia T\u00e9lam.<\/p>\n<p style=\"text-align: justify;\">La palabra m\u00e1s esperada lleg\u00f3 nuevamente a trav\u00e9s de las redes sociales. El jugador del Barcelona public\u00f3 el siguiente mensaje en su Facebook oficial: <strong>\u00abHoy soy el hombre m\u00e1s feliz del mundo, naci\u00f3 mi hijo y gracias a Dios por este regalo! Gracias a mi familia por el apoyo! Abrazo a todos\u00bb<\/strong>.<\/p>\n<p style=\"text-align: justify;\">\u00abLa Pulga\u00bb hab\u00eda ingresado esta ma\u00f1ana a la cl\u00ednica junto a su mujer, la rosarina <strong>Antonella Roccuzzo<\/strong>, para realizar los primeros trabajos de parto.<\/p>\n<p style=\"text-align: justify;\">\u00ab<strong>Es lo m\u00e1s lindo que me va a pasar en la vida<\/strong>\u00ab, hab\u00eda asegurado el delantero en una entrevista cuando fue consultado sobre el nacimiento de su primer hijo.<\/p>\n<p style=\"text-align: justify;\"><strong>Tito Vilanova<\/strong>, director t\u00e9cnico de Barcelona, anunci\u00f3 que, si no pasa nada, \u00abMessi estar\u00e1 ante el Celta\u00bb en el encuentro de ma\u00f1ana.<\/p>\n<p style=\"text-align: justify;\"><strong>\u00abPor un entrenamiento en que no participe no pasa nada\u00bb<\/strong>, asegur\u00f3 el DT del Barcelona, aludiendo a la ausencia de Lionel en la pr\u00e1ctica. <strong>\u00abYo cuento con \u00e9l para el partido del s\u00e1bado\u00bb<\/strong>, explic\u00f3 en una rueda de prensa.<\/p>\n","protected":false},"excerpt":{"rendered":"<p>\u00abLio\u00bb expres\u00f3 su emoci\u00f3n por el nacimiento de su primer hijo. Su mujer, Antonella, dio a luz en la cl\u00ednica catalana USP Dexeus. Se prev\u00e9 que el delantero juegue ma\u00f1ana ante Celta. Finalmente, este viernes 2 de noviembre el astro argentino Lionel Messi fue pap\u00e1. Su hijo, Thiago, naci\u00f3 en el centro de salud USP&hellip;<\/p>\n","protected":false},"author":1,"featured_media":0,"comment_status":"open","ping_status":"open","sticky":false,"template":"","format":"standard","meta":{"footnotes":""},"categories":[7],"tags":[13452,13456,13453,13457,13454,1624,13455],"class_list":["post-29150","post","type-post","status-publish","format-standard","hentry","category-deportes","tag-celta","tag-dexeus","tag-lionel-messi","tag-maria-sol-messi","tag-thiago","tag-twitter","tag-usp"],"_links":{"self":[{"href":"https:\/\/www.elsindical.com.ar\/notas\/wp-json\/wp\/v2\/posts\/29150","targetHints":{"allow":["GET"]}}],"collection":[{"href":"https:\/\/www.elsindical.com.ar\/notas\/wp-json\/wp\/v2\/posts"}],"about":[{"href":"https:\/\/www.elsindical.com.ar\/notas\/wp-json\/wp\/v2\/types\/post"}],"author":[{"embeddable":true,"href":"https:\/\/www.elsindical.com.ar\/notas\/wp-json\/wp\/v2\/users\/1"}],"replies":[{"embeddable":true,"href":"https:\/\/www.elsindical.com.ar\/notas\/wp-json\/wp\/v2\/comments?post=29150"}],"version-history":[{"count":1,"href":"https:\/\/www.elsindical.com.ar\/notas\/wp-json\/wp\/v2\/posts\/29150\/revisions"}],"predecessor-version":[{"id":29152,"href":"https:\/\/www.elsindical.com.ar\/notas\/wp-json\/wp\/v2\/posts\/29150\/revisions\/29152"}],"wp:attachment":[{"href":"https:\/\/www.elsindical.com.ar\/notas\/wp-json\/wp\/v2\/media?parent=29150"}],"wp:term":[{"taxonomy":"category","embeddable":true,"href":"https:\/\/www.elsindical.com.ar\/notas\/wp-json\/wp\/v2\/categories?post=29150"},{"taxonomy":"post_tag","embeddable":true,"href":"https:\/\/www.elsindical.com.ar\/notas\/wp-json\/wp\/v2\/tags?post=29150"}],"curies":[{"name":"wp","href":"https:\/\/api.w.org\/{rel}","templated":true}]}}