{"id":29146,"date":"2012-11-02T18:50:06","date_gmt":"2012-11-02T21:50:06","guid":{"rendered":"http:\/\/www.elsindical.com.ar\/notas\/?p=29146"},"modified":"2012-11-02T18:50:06","modified_gmt":"2012-11-02T21:50:06","slug":"procesaron-a-un-empleado-de-la-tv-publica-que-vendia-droga-en-el-canal","status":"publish","type":"post","link":"https:\/\/www.elsindical.com.ar\/notas\/procesaron-a-un-empleado-de-la-tv-publica-que-vendia-droga-en-el-canal\/","title":{"rendered":"Procesaron a un empleado de La TV P\u00fablica que vend\u00eda droga en el canal"},"content":{"rendered":"<p style=\"text-align: justify;\"><em><a href=\"http:\/\/www.elsindical.com.ar\/notas\/var\/www\/html\/notas\/wp-content\/uploads\/2012\/11\/TV-P\u00fablica-canal-7.jpg\"><img loading=\"lazy\" decoding=\"async\" class=\"alignleft size-medium wp-image-29147\" title=\"TV-P\u00fablica-canal-7\" src=\"http:\/\/www.elsindical.com.ar\/notas\/var\/www\/html\/notas\/wp-content\/uploads\/2012\/11\/TV-P\u00fablica-canal-7-300x224.jpg\" alt=\"\" width=\"300\" height=\"224\" srcset=\"https:\/\/www.elsindical.com.ar\/notas\/var\/www\/html\/notas\/wp-content\/uploads\/2012\/11\/TV-P\u00fablica-canal-7-300x224.jpg 300w, https:\/\/www.elsindical.com.ar\/notas\/var\/www\/html\/notas\/wp-content\/uploads\/2012\/11\/TV-P\u00fablica-canal-7-400x300.jpg 400w, https:\/\/www.elsindical.com.ar\/notas\/var\/www\/html\/notas\/wp-content\/uploads\/2012\/11\/TV-P\u00fablica-canal-7.jpg 443w\" sizes=\"auto, (max-width: 300px) 100vw, 300px\" \/><\/a>Un empleado de Canal 7 fue procesado por el Juez federal <strong>Norberto Oyarbide<\/strong> por formar parte de una organizaci\u00f3n dedicada a la comercializaci\u00f3n de droga y, seg\u00fan el fallo, la vend\u00eda en la emisora.<\/em><\/p>\n<p style=\"text-align: justify;\">Fuentes judiciales indicaron que se trata de un oficial administrativo del canal identificado con las iniciales C.V.,\u00a0 quien junto a su hijo y una mujer de nacionalidad peruana fueron procesados por el Juez\u00a0 federal Oyarbide por <strong>el delito de \u201ccomercializaci\u00f3n de estupefacientes mediando la intervenci\u00f3n de 3 o m\u00e1s personas para cometerlo\u201d.<\/strong><\/p>\n<p style=\"text-align: justify;\">Los tres imputados fueron detenidos el 19 de septiembre, pero d\u00edas atr\u00e1s fueron excarcelados por la C\u00e1mara Federal al considerar que no hay riesgo de fuga. La C\u00e1mara ahora deber\u00e1 resolver si confirma o revoca los procesamientos.<\/p>\n<p style=\"text-align: justify;\">\u201c<strong>En el caso de C.V., \u00e9ste comercializar\u00eda estupefacientes inclusive dentro de su lugar de trabajo, a saber, Canal 7 TV P\u00fablica<\/strong>\u201d, consider\u00f3 el magistrado.<\/p>\n<p style=\"text-align: justify;\">La investigaci\u00f3n se inici\u00f3 por la denuncia que un gerente del canal, se le intervinieron los tel\u00e9fonos y se detect\u00f3 que \u00e9l, su hijo y la mujer formaban parte de una organizaci\u00f3n que hac\u00eda \u00abdelivery\u00bb de droga.<\/p>\n<p style=\"text-align: justify;\">Las escuchas telef\u00f3nicas arrojaron como resultado que C.V. vend\u00eda droga dentro del canal y otro empleado de la emisora,\u00a0 L.E.L., un operador general de caracteres, declar\u00f3 que \u201cen alguna oportunidad, le suministr\u00f3 coca\u00edna en el lugar donde ambos trabajaban, a saber, Canal 7 TV P\u00fablica\u201d.<\/p>\n<p style=\"text-align: justify;\">Una de las charlas registradas: L.E.L.: Que estoy ac\u00e1 en la puerta, en Tagle, \u00bfpor qu\u00e9 no me sacas aunque sea una? As\u00ed sin moler, sin nada. As\u00ed no me dejas nada debajo de la mesa.<\/p>\n<p style=\"text-align: justify;\">C.V.: \u00bfTe hago otra doble?<\/p>\n<p style=\"text-align: justify;\">L.E.L.: Bueno, dale.<\/p>\n<p style=\"text-align: justify;\">Las fuentes consultadas indicaron que los dos fueron detenidos en Dock Sud cuando L.E.L. recib\u00eda siete bolistas de nylon con coca\u00edna y le pag\u00f3 por ella 200 d\u00f3lares.<\/p>\n<p style=\"text-align: justify;\">Luego Oyarbide sobresey\u00f3 y liber\u00f3 a L.E.L. porque es un adicto a las drogas, porque la ten\u00eda para su consumo.<\/p>\n","protected":false},"excerpt":{"rendered":"<p>Un empleado de Canal 7 fue procesado por el Juez federal Norberto Oyarbide por formar parte de una organizaci\u00f3n dedicada a la comercializaci\u00f3n de droga y, seg\u00fan el fallo, la vend\u00eda en la emisora. Fuentes judiciales indicaron que se trata de un oficial administrativo del canal identificado con las iniciales C.V.,\u00a0 quien junto a su&hellip;<\/p>\n","protected":false},"author":1,"featured_media":0,"comment_status":"open","ping_status":"open","sticky":false,"template":"","format":"standard","meta":{"footnotes":""},"categories":[20],"tags":[734,13450,42,13451,5807,3058],"class_list":["post-29146","post","type-post","status-publish","format-standard","hentry","category-judiciales","tag-adictos","tag-canal-7-tv-publica","tag-droga","tag-emisora","tag-juez-federal-norberto-oyarbide","tag-procesados"],"_links":{"self":[{"href":"https:\/\/www.elsindical.com.ar\/notas\/wp-json\/wp\/v2\/posts\/29146","targetHints":{"allow":["GET"]}}],"collection":[{"href":"https:\/\/www.elsindical.com.ar\/notas\/wp-json\/wp\/v2\/posts"}],"about":[{"href":"https:\/\/www.elsindical.com.ar\/notas\/wp-json\/wp\/v2\/types\/post"}],"author":[{"embeddable":true,"href":"https:\/\/www.elsindical.com.ar\/notas\/wp-json\/wp\/v2\/users\/1"}],"replies":[{"embeddable":true,"href":"https:\/\/www.elsindical.com.ar\/notas\/wp-json\/wp\/v2\/comments?post=29146"}],"version-history":[{"count":2,"href":"https:\/\/www.elsindical.com.ar\/notas\/wp-json\/wp\/v2\/posts\/29146\/revisions"}],"predecessor-version":[{"id":29149,"href":"https:\/\/www.elsindical.com.ar\/notas\/wp-json\/wp\/v2\/posts\/29146\/revisions\/29149"}],"wp:attachment":[{"href":"https:\/\/www.elsindical.com.ar\/notas\/wp-json\/wp\/v2\/media?parent=29146"}],"wp:term":[{"taxonomy":"category","embeddable":true,"href":"https:\/\/www.elsindical.com.ar\/notas\/wp-json\/wp\/v2\/categories?post=29146"},{"taxonomy":"post_tag","embeddable":true,"href":"https:\/\/www.elsindical.com.ar\/notas\/wp-json\/wp\/v2\/tags?post=29146"}],"curies":[{"name":"wp","href":"https:\/\/api.w.org\/{rel}","templated":true}]}}