{"id":29048,"date":"2012-10-31T18:06:46","date_gmt":"2012-10-31T21:06:46","guid":{"rendered":"http:\/\/www.elsindical.com.ar\/notas\/?p=29048"},"modified":"2012-10-31T18:06:46","modified_gmt":"2012-10-31T21:06:46","slug":"la-platacuatro-anos-de-condena-a-un-penitenciario-por-robar-comida-a-los-presos","status":"publish","type":"post","link":"https:\/\/www.elsindical.com.ar\/notas\/la-platacuatro-anos-de-condena-a-un-penitenciario-por-robar-comida-a-los-presos\/","title":{"rendered":"La Plata:Cuatro a\u00f1os de condena a un penitenciario por robar comida a los presos"},"content":{"rendered":"<p style=\"text-align: justify;\"><em><a href=\"http:\/\/www.elsindical.com.ar\/notas\/var\/www\/html\/notas\/wp-content\/uploads\/2012\/04\/Unidad-1-de-Olmos.jpg\"><img loading=\"lazy\" decoding=\"async\" class=\"alignleft size-medium wp-image-22736\" title=\"Unidad-1-de-Olmos\" src=\"http:\/\/www.elsindical.com.ar\/notas\/var\/www\/html\/notas\/wp-content\/uploads\/2012\/04\/Unidad-1-de-Olmos-300x201.jpg\" alt=\"\" width=\"300\" height=\"201\" srcset=\"https:\/\/www.elsindical.com.ar\/notas\/var\/www\/html\/notas\/wp-content\/uploads\/2012\/04\/Unidad-1-de-Olmos-300x201.jpg 300w, https:\/\/www.elsindical.com.ar\/notas\/var\/www\/html\/notas\/wp-content\/uploads\/2012\/04\/Unidad-1-de-Olmos.jpg 413w\" sizes=\"auto, (max-width: 300px) 100vw, 300px\" \/><\/a>Era el jefe de dep\u00f3sito de alimentos de la Unidad Penal 1 de Lisandro Olmos. La pena es de cumplimiento efectivo pero no se ejecutar\u00e1 hasta que quede firme. La defensa apel\u00f3 la sentencia\u00a0a Casaci\u00f3n.<\/em><\/p>\n<p style=\"text-align: justify;\">Un Oficial del Servicio Penitenciario Bonaerense fue condenado a cuatro a\u00f1os de prisi\u00f3n de cumplimiento efectivo al ser encontrado culpable del delito de \u201cpeculado de bienes\u201d, seg\u00fan se desprende del fallo.<\/p>\n<p style=\"text-align: justify;\">La Justicia dio por acreditado que Carlos Roberto Vargas, quien durante el a\u00f1o 2003 fue el encargado del dep\u00f3sito de alimentos del penal mencionado, sustrajo comida destinada a personas privadas de su libertad.<\/p>\n<p style=\"text-align: justify;\">Como agravante de la condena, la Jueza Florencia Buti\u00e9rrez sostuvo que\u00a0 \u201cVargas le quitaba la comida a los presos, que se hallaban privados de su libertad, en absoluta indefensi\u00f3n y vulnerabilidad social para no perder su jerarqu\u00eda laboral. Bien podr\u00eda haber aceptado otra funci\u00f3n o buscado otro trabajo, pero claro, era m\u00e1s f\u00e1cil abusarse de los indefensos, todos eran parte de la misma \u2018rutina\u2019\u201d.<\/p>\n<p style=\"text-align: justify;\">\u201cEn efecto, mayor ha sido el da\u00f1o irrogado, porque se trataba de alimentaci\u00f3n destinada a personas privadas de su libertad, quienes se encontraban imposibilitadas de recurrir a otros medios de vida, dependiendo para ello de sus familias quienes, mediante las visitas, les tra\u00edan la comida. Se ha tratado de la sustracci\u00f3n de insumos esenciales para la poblaci\u00f3n carcelaria\u201d, concluy\u00f3 la magistrada.<\/p>\n<p style=\"text-align: justify;\">La Jueza form\u00f3 convicci\u00f3n en base al relato de los testigos (detenidos y personal penitenciario) que declararon durante el juicio oral y aval\u00f3 el planteo de la Fiscal Victoria Huergo, quien hab\u00eda pedido una condena de cinco a\u00f1os de prisi\u00f3n e inhabilitaci\u00f3n perpetua para ejercer cargos p\u00fablicos.<\/p>\n<p style=\"text-align: justify;\">Durante el juicio oral, personal penitenciario y detenidos que pasaron por el penal, denunciaron todo tipo de delitos contra la vida que se suceden a diario en el penal ubicado en 197 y 45, y dieron nombres de altos funcionarios penitenciarios. La Jueza remiti\u00f3 toda la informaci\u00f3n al Fiscal en turno, a la Secretar\u00eda de Derechos Humanos de la provincia de Buenos Aires y al ministerio de Justicia y Seguridad para que se investigue la informaci\u00f3n aportada por testigos.<\/p>\n<p style=\"text-align: justify;\">Cabe recordar que el lunes pasado se conoci\u00f3 el adelanto de veredicto y hoy el monto de la pena a cumplir, pero qued\u00f3 en suspenso hasta que el fallo quede firme, ya que la Defensora oficial Ver\u00f3nica Palomino apelar\u00e1 la resoluci\u00f3n ante Casaci\u00f3n, el m\u00e1ximo organismo penal bonaerense.<\/p>\n","protected":false},"excerpt":{"rendered":"<p>Era el jefe de dep\u00f3sito de alimentos de la Unidad Penal 1 de Lisandro Olmos. La pena es de cumplimiento efectivo pero no se ejecutar\u00e1 hasta que quede firme. La defensa apel\u00f3 la sentencia\u00a0a Casaci\u00f3n. Un Oficial del Servicio Penitenciario Bonaerense fue condenado a cuatro a\u00f1os de prisi\u00f3n de cumplimiento efectivo al ser encontrado culpable&hellip;<\/p>\n","protected":false},"author":1,"featured_media":0,"comment_status":"open","ping_status":"open","sticky":false,"template":"","format":"standard","meta":{"footnotes":""},"categories":[20],"tags":[1118,13415,2441,13418,742,13417,13416,10069,13414,13413],"class_list":["post-29048","post","type-post","status-publish","format-standard","hentry","category-judiciales","tag-alimentos","tag-carlos-roberto-vargas","tag-casacion","tag-defensora-oficial-veronica-palomino","tag-detenidos","tag-fiscal-victoria-huergo","tag-jueza-florencia-butierrez","tag-lisandro-olmos","tag-peculado-de-bienes","tag-unidad-penal-1"],"_links":{"self":[{"href":"https:\/\/www.elsindical.com.ar\/notas\/wp-json\/wp\/v2\/posts\/29048","targetHints":{"allow":["GET"]}}],"collection":[{"href":"https:\/\/www.elsindical.com.ar\/notas\/wp-json\/wp\/v2\/posts"}],"about":[{"href":"https:\/\/www.elsindical.com.ar\/notas\/wp-json\/wp\/v2\/types\/post"}],"author":[{"embeddable":true,"href":"https:\/\/www.elsindical.com.ar\/notas\/wp-json\/wp\/v2\/users\/1"}],"replies":[{"embeddable":true,"href":"https:\/\/www.elsindical.com.ar\/notas\/wp-json\/wp\/v2\/comments?post=29048"}],"version-history":[{"count":1,"href":"https:\/\/www.elsindical.com.ar\/notas\/wp-json\/wp\/v2\/posts\/29048\/revisions"}],"predecessor-version":[{"id":29049,"href":"https:\/\/www.elsindical.com.ar\/notas\/wp-json\/wp\/v2\/posts\/29048\/revisions\/29049"}],"wp:attachment":[{"href":"https:\/\/www.elsindical.com.ar\/notas\/wp-json\/wp\/v2\/media?parent=29048"}],"wp:term":[{"taxonomy":"category","embeddable":true,"href":"https:\/\/www.elsindical.com.ar\/notas\/wp-json\/wp\/v2\/categories?post=29048"},{"taxonomy":"post_tag","embeddable":true,"href":"https:\/\/www.elsindical.com.ar\/notas\/wp-json\/wp\/v2\/tags?post=29048"}],"curies":[{"name":"wp","href":"https:\/\/api.w.org\/{rel}","templated":true}]}}