{"id":2902,"date":"2010-01-13T01:07:00","date_gmt":"2010-01-13T04:07:00","guid":{"rendered":"http:\/\/www.elsindical.com.ar\/notas\/?p=2902"},"modified":"2010-01-13T01:07:00","modified_gmt":"2010-01-13T04:07:00","slug":"exclusivo-la-operacion-kirchnerista-mediatica-contra-la-jueza-sarmiento","status":"publish","type":"post","link":"https:\/\/www.elsindical.com.ar\/notas\/exclusivo-la-operacion-kirchnerista-mediatica-contra-la-jueza-sarmiento\/","title":{"rendered":"Exclusivo: la operaci\u00f3n kirchnerista medi\u00e1tica contra la jueza Sarmiento"},"content":{"rendered":"<p style=\"text-align: justify;\"><a href=\"http:\/\/www.elsindical.com.ar\/notas\/var\/www\/html\/notas\/wp-content\/uploads\/2010\/01\/Mar\u00eda-Jos\u00e9-Sarmiento.jpg\"><img loading=\"lazy\" decoding=\"async\" class=\"alignleft size-full wp-image-2903\" title=\"Mar\u00eda-Jos\u00e9-Sarmiento\" src=\"http:\/\/www.elsindical.com.ar\/notas\/var\/www\/html\/notas\/wp-content\/uploads\/2010\/01\/Mar\u00eda-Jos\u00e9-Sarmiento.jpg\" alt=\"\" width=\"142\" height=\"160\" \/><\/a>El enojo del kirchnerismo para con la jueza Mar\u00eda Jos\u00e9 Sarmiento no es nuevo. M\u00e1s all\u00e1 de su actuaci\u00f3n en torno a la destituci\u00f3n de Mart\u00edn Redrado al frente del Banco Central y el bloqueo de reservas de la misma entidad, la magistrada qued\u00f3 en la mira del oficialismo luego de que obligara a la ex ministra de Econom\u00eda, Felisa Miceli, a dar explicaciones por su eventual participaci\u00f3n en el tristemente c\u00e9lebre \u201cCaso Greco\u201d en mayo del a\u00f1o 2007. A partir de entonces, el gobierno prendi\u00f3 una \u201cluz amarilla\u201d y asumi\u00f3 que se convertir\u00eda en una pieza adversa a sus propios intereses.\u00a0<\/p>\n<p style=\"text-align: justify;\">A cargo del Juzgado en lo contencioso administrativo Federal N\u00b0 11, Sarmiento es una magistrada de muy bajo perfil, que jam\u00e1s deja filtrar los temas de discusi\u00f3n que maneja en su despacho. <strong>Con 31 a\u00f1os de carrera en <\/strong><strong>la Justicia, ha logrado el mayor galard\u00f3n que puede pretender un funcionario de su estrato: ser premiada con el \u201cpremio a la Excelencia Judicial 2004\u201d<\/strong>, un premio otorgado por la organizaci\u00f3n no gubernamental Foro de Estudios sobre la Administraci\u00f3n de Justicia (FORES).\u00a0<\/p>\n<p style=\"text-align: justify;\">Sin embargo, a pesar de la seriedad de su trabajo, la preocupaci\u00f3n por la imprevisibilidad de las medidas de la jueza, han llevado al kirchnerismo a indagar \u2013por ahora, tibiamente- en su pasado y presente: p\u00fablico y privado.\u00a0<\/p>\n<p style=\"text-align: justify;\"><strong>\u201cHubo un pedido informal (por parte) de N\u00e9stor Kirchner al n\u00famero 2 de <\/strong><strong>la SIDE<\/strong><strong>, (Francisco) Larcher para que buscara cualquier cosa que manche el pasado de Sarmiento\u201d<\/strong>, admiti\u00f3 una importante fuente gubernamental a este cronista. El dato fue confirmado posteriormente por dos fuentes independientes, una de ellas es un periodista que trabaja bajo las \u00f3rdenes del oficialista empresario Sergio Szpolski.\u00a0<\/p>\n<p style=\"text-align: justify;\">\u201cEl dato es real, en unos d\u00edas va a publicarse un art\u00edculo contra esta mujer\u201d, asegur\u00f3 el referido colega a quien escribe estas l\u00edneas.\u00a0<\/p>\n<p style=\"text-align: justify;\">Por lo que pudo saber este diario, uno de los puntos que se cuestionar\u00e1 a la magistrada es su cualidad de \u201chija\u201d del teniente coronel Luis Sarmiento, quien durante la dictadura militar habr\u00eda revistado en la Secretar\u00eda de Inteligencia (ex SIDE) y cuyo representante legal habr\u00eda sido su colega Eduardo San Emeterio, otro oficial del Ej\u00e9rcito que a principios de la d\u00e9cada de los a\u00f1os 60 curs\u00f3 estudios en la funesta Escuela de las Am\u00e9ricas, cuna de la doctrina de la \u201cguerra contrarrevolucionaria\u201d.\u00a0<\/p>\n<p style=\"text-align: justify;\">En el mismo sentido, se golpear\u00e1 a la jueza a trav\u00e9s de su hermano, Luis Sarmiento, un ex \u201clice\u00edsta\u201d que defiende a algunos de los acusados por la masacre de Margarita Bel\u00e9n, y suele exaltar las figuras de impresentables de la talla de Luciano Benjam\u00edn Men\u00e9ndez y Cecilia Pando.\u00a0<\/p>\n<p style=\"text-align: justify;\">Con estos y otros datos, el gobierno arma una temible operaci\u00f3n de prensa contra la magistrada de cara a los pr\u00f3ximos d\u00edas, la cual se suma a otro anticipo que dio este mismo diario: un pedido de juicio pol\u00edtico contra su misma persona.\u00a0<\/p>\n<p style=\"text-align: justify;\">\u201cCosas vederes que non crederes\u201d, sosten\u00eda el hidalgo Don Quijote de la Mancha con elocuente sabidur\u00eda. \u00bfQu\u00e9 dir\u00eda entonces si viviera en la Argentina de estos d\u00edas?<\/p>\n<p style=\"text-align: justify;\"><strong>Christian Sanz<\/strong><br \/>\nEspecial para <em>MDZ On line<\/em><\/p>\n","protected":false},"excerpt":{"rendered":"<p>El enojo del kirchnerismo para con la jueza Mar\u00eda Jos\u00e9 Sarmiento no es nuevo. M\u00e1s all\u00e1 de su actuaci\u00f3n en torno a la destituci\u00f3n de Mart\u00edn Redrado al frente del Banco Central y el bloqueo de reservas de la misma entidad, la magistrada qued\u00f3 en la mira del oficialismo luego de que obligara a la&hellip;<\/p>\n","protected":false},"author":1,"featured_media":0,"comment_status":"open","ping_status":"open","sticky":false,"template":"","format":"standard","meta":{"footnotes":""},"categories":[12],"tags":[205,1205,375,351,1529,1486],"class_list":["post-2902","post","type-post","status-publish","format-standard","hentry","category-investigacion","tag-christian-sanz","tag-cristina-fernandez-de-kirchner","tag-gobierno","tag-jueza","tag-maria-jose-sarmiento","tag-martin-redrado"],"_links":{"self":[{"href":"https:\/\/www.elsindical.com.ar\/notas\/wp-json\/wp\/v2\/posts\/2902","targetHints":{"allow":["GET"]}}],"collection":[{"href":"https:\/\/www.elsindical.com.ar\/notas\/wp-json\/wp\/v2\/posts"}],"about":[{"href":"https:\/\/www.elsindical.com.ar\/notas\/wp-json\/wp\/v2\/types\/post"}],"author":[{"embeddable":true,"href":"https:\/\/www.elsindical.com.ar\/notas\/wp-json\/wp\/v2\/users\/1"}],"replies":[{"embeddable":true,"href":"https:\/\/www.elsindical.com.ar\/notas\/wp-json\/wp\/v2\/comments?post=2902"}],"version-history":[{"count":1,"href":"https:\/\/www.elsindical.com.ar\/notas\/wp-json\/wp\/v2\/posts\/2902\/revisions"}],"predecessor-version":[{"id":2904,"href":"https:\/\/www.elsindical.com.ar\/notas\/wp-json\/wp\/v2\/posts\/2902\/revisions\/2904"}],"wp:attachment":[{"href":"https:\/\/www.elsindical.com.ar\/notas\/wp-json\/wp\/v2\/media?parent=2902"}],"wp:term":[{"taxonomy":"category","embeddable":true,"href":"https:\/\/www.elsindical.com.ar\/notas\/wp-json\/wp\/v2\/categories?post=2902"},{"taxonomy":"post_tag","embeddable":true,"href":"https:\/\/www.elsindical.com.ar\/notas\/wp-json\/wp\/v2\/tags?post=2902"}],"curies":[{"name":"wp","href":"https:\/\/api.w.org\/{rel}","templated":true}]}}