{"id":29010,"date":"2012-10-31T00:58:59","date_gmt":"2012-10-31T03:58:59","guid":{"rendered":"http:\/\/www.elsindical.com.ar\/notas\/?p=29010"},"modified":"2012-10-31T00:58:59","modified_gmt":"2012-10-31T03:58:59","slug":"desde-la-medianoche-paran-77-hospitales-bonaerenses","status":"publish","type":"post","link":"https:\/\/www.elsindical.com.ar\/notas\/desde-la-medianoche-paran-77-hospitales-bonaerenses\/","title":{"rendered":"Desde la medianoche paran 77 hospitales bonaerenses"},"content":{"rendered":"<p style=\"text-align: justify;\"><em><a href=\"http:\/\/www.elsindical.com.ar\/notas\/var\/www\/html\/notas\/wp-content\/uploads\/2009\/11\/Cicop-marcha1.jpg\"><img loading=\"lazy\" decoding=\"async\" class=\"alignleft size-full wp-image-1898\" title=\"Cicop-marcha\" src=\"http:\/\/www.elsindical.com.ar\/notas\/var\/www\/html\/notas\/wp-content\/uploads\/2009\/11\/Cicop-marcha1.jpg\" alt=\"\" width=\"269\" height=\"200\" \/><\/a>Los trabajadores nucleados en la Asociaci\u00f3n Sindical de Profesionales de la Salud de la Provincia de Buenos Aires se movilizar\u00e1n hacia la Legislatura en rechazo del \u00abpresupuesto de ajuste de Daniel Scioli\u00bb. Reclaman el aumento del 10% del porcentaje del gasto total del Estado para el \u00e1rea de salud y la creaci\u00f3n de 2.000 puestos de trabajo.<\/em><\/p>\n<p style=\"text-align: justify;\">Los trabajadores nucleados en la Asociaci\u00f3n Sindical de Profesionales de la Salud de la Provincia de Buenos Aires (CICOP) paralizar\u00e1n las tareas durante 24 horas a partir de esta medianoche en los 77 hospitales provinciales y se movilizar\u00e1n hacia la Legislatura en rechazo del \u00abpresupuesto de ajuste de Daniel Scioli\u00bb, inform\u00f3 el gremio.<\/p>\n<p style=\"text-align: justify;\">En esa movilizaci\u00f3n tambi\u00e9n participar\u00e1 el personal agrupado en la Asociaci\u00f3n Trabajadores del Estado (ATE), en judiciales y otros gremios de la Central de Trabajadores de la Argentina (CTA) en rechazo del \u00abpresupuesto de ajuste\u00bb que \u00abel gobernador envi\u00f3 a la Legislatura bonaerense para su inmediato tratamiento\u00bb.<\/p>\n<p style=\"text-align: justify;\">El paro concluir\u00e1 con una \u00abJornada de Protesta Provincial\u00bb el jueves, para ratificar el rechazo de ese presupuesto.<\/p>\n<p style=\"text-align: justify;\">En otro orden, los profesionales reclaman el aumento del 10% del porcentaje del gasto total del Estado para el \u00e1rea de salud, que ahora \u00abes el m\u00e1s bajo de todo el pa\u00eds -6,59%- y la creaci\u00f3n de 2.000 puestos de trabajo para el funcionamiento m\u00ednimo de los hospitales y centros de salud de la provincia\u00bb.<\/p>\n<p style=\"text-align: justify;\">Tambi\u00e9n demandan \u00abel descongelamiento de las vacantes para todos los trabajadores, que el presupuesto 2013 incluya la provincializaci\u00f3n de los hospitales municipales de la cuenca Matanza-Riachuelo (fallo Armella) y las partidas necesarias para la inauguraci\u00f3n de los establecimientos del Bicentenario\u00bb.<\/p>\n","protected":false},"excerpt":{"rendered":"<p>Los trabajadores nucleados en la Asociaci\u00f3n Sindical de Profesionales de la Salud de la Provincia de Buenos Aires se movilizar\u00e1n hacia la Legislatura en rechazo del \u00abpresupuesto de ajuste de Daniel Scioli\u00bb. Reclaman el aumento del 10% del porcentaje del gasto total del Estado para el \u00e1rea de salud y la creaci\u00f3n de 2.000 puestos&hellip;<\/p>\n","protected":false},"author":1,"featured_media":0,"comment_status":"open","ping_status":"open","sticky":false,"template":"","format":"standard","meta":{"footnotes":""},"categories":[16],"tags":[291,983,849,12162,441,449,67,13399],"class_list":["post-29010","post","type-post","status-publish","format-standard","hentry","category-gremiales","tag-cicop","tag-daniel-scioli","tag-estado","tag-gasto","tag-hospitales","tag-legislatura","tag-paro","tag-provincia-de-bueno-aires"],"_links":{"self":[{"href":"https:\/\/www.elsindical.com.ar\/notas\/wp-json\/wp\/v2\/posts\/29010","targetHints":{"allow":["GET"]}}],"collection":[{"href":"https:\/\/www.elsindical.com.ar\/notas\/wp-json\/wp\/v2\/posts"}],"about":[{"href":"https:\/\/www.elsindical.com.ar\/notas\/wp-json\/wp\/v2\/types\/post"}],"author":[{"embeddable":true,"href":"https:\/\/www.elsindical.com.ar\/notas\/wp-json\/wp\/v2\/users\/1"}],"replies":[{"embeddable":true,"href":"https:\/\/www.elsindical.com.ar\/notas\/wp-json\/wp\/v2\/comments?post=29010"}],"version-history":[{"count":1,"href":"https:\/\/www.elsindical.com.ar\/notas\/wp-json\/wp\/v2\/posts\/29010\/revisions"}],"predecessor-version":[{"id":29011,"href":"https:\/\/www.elsindical.com.ar\/notas\/wp-json\/wp\/v2\/posts\/29010\/revisions\/29011"}],"wp:attachment":[{"href":"https:\/\/www.elsindical.com.ar\/notas\/wp-json\/wp\/v2\/media?parent=29010"}],"wp:term":[{"taxonomy":"category","embeddable":true,"href":"https:\/\/www.elsindical.com.ar\/notas\/wp-json\/wp\/v2\/categories?post=29010"},{"taxonomy":"post_tag","embeddable":true,"href":"https:\/\/www.elsindical.com.ar\/notas\/wp-json\/wp\/v2\/tags?post=29010"}],"curies":[{"name":"wp","href":"https:\/\/api.w.org\/{rel}","templated":true}]}}