{"id":29002,"date":"2012-10-31T00:40:48","date_gmt":"2012-10-31T03:40:48","guid":{"rendered":"http:\/\/www.elsindical.com.ar\/notas\/?p=29002"},"modified":"2012-10-31T00:40:48","modified_gmt":"2012-10-31T03:40:48","slug":"pilardetuvieron-a-poderoso-capo-narco-colombiano-en-un-restaurante-de-la-argentina","status":"publish","type":"post","link":"https:\/\/www.elsindical.com.ar\/notas\/pilardetuvieron-a-poderoso-capo-narco-colombiano-en-un-restaurante-de-la-argentina\/","title":{"rendered":"Pilar:Detuvieron a poderoso capo narco colombiano en un restaurante de la Argentina"},"content":{"rendered":"<p style=\"text-align: justify;\"><em><a href=\"http:\/\/www.elsindical.com.ar\/notas\/var\/www\/html\/notas\/wp-content\/uploads\/2012\/10\/Henry-de-Jes\u00fas-L\u00f3pez.jpg\"><img loading=\"lazy\" decoding=\"async\" class=\"alignleft size-medium wp-image-29003\" title=\"Henry-de-Jes\u00fas-L\u00f3pez\" src=\"http:\/\/www.elsindical.com.ar\/notas\/var\/www\/html\/notas\/wp-content\/uploads\/2012\/10\/Henry-de-Jes\u00fas-L\u00f3pez-300x224.jpg\" alt=\"\" width=\"300\" height=\"224\" srcset=\"https:\/\/www.elsindical.com.ar\/notas\/var\/www\/html\/notas\/wp-content\/uploads\/2012\/10\/Henry-de-Jes\u00fas-L\u00f3pez-300x224.jpg 300w, https:\/\/www.elsindical.com.ar\/notas\/var\/www\/html\/notas\/wp-content\/uploads\/2012\/10\/Henry-de-Jes\u00fas-L\u00f3pez-400x300.jpg 400w, https:\/\/www.elsindical.com.ar\/notas\/var\/www\/html\/notas\/wp-content\/uploads\/2012\/10\/Henry-de-Jes\u00fas-L\u00f3pez.jpg 502w\" sizes=\"auto, (max-width: 300px) 100vw, 300px\" \/><\/a>Se trata de <strong>Henry de Jes\u00fas L\u00f3pez,<\/strong> conocido como <strong>\u00abMi Sangre\u00bb<\/strong>, l\u00edder de<strong> Los Urabe\u00f1os<\/strong>, una de las organizaciones criminales y productora de coca\u00edna m\u00e1s importante del mundo. Fue arrestado anoche en <strong>Pilar<\/strong>.<\/em><\/p>\n<p style=\"text-align: justify;\">Henry de Jes\u00fas L\u00f3pez, alias<strong> \u00abMi Sangre\u201d<\/strong>, era uno de los narcotraficantes colombianos <strong>m\u00e1s buscados tanto en su pa\u00eds como por la DEA.<\/strong> Ten\u00eda pedido de captura internacional y desde hace varios meses se sospechaba que estaba escondido en la Argentina.<\/p>\n<p style=\"text-align: justify;\">Tras una extensa investigaci\u00f3n a cargo del Ministerio de Seguridad de la Naci\u00f3n, anoche, alrededor de las 19:20<strong>, logr\u00f3 ser arrestado luego de cenar en un restaurante del partido bonaerense de Pilar.<\/strong><\/p>\n<p style=\"text-align: justify;\"><strong><\/strong>Responsables del local de comidas<strong> Fettuccini Mario<\/strong> confirmaron la detenci\u00f3n a <strong>Infobae <\/strong>y precisaron que agentes de la SIDE <strong>atraparon al capo narco cuando se retiraba del restaurante tras cenar junto con otro hombre.<\/strong><\/p>\n<p style=\"text-align: justify;\">\u00abFueron detenidos los dos en la zona del estacionamiento, fuera del restaurante\u00bb, indicaron desde Fettuccini Mario. L\u00f3pez fue trasladado a un centro de detenci\u00f3n, del que se evit\u00f3 dar mayores detalles.<\/p>\n<p style=\"text-align: justify;\">Seg\u00fan el diario colombiano <em>El Tiempo<\/em>, al momento de su detenci\u00f3n estaba junto a sus escoltas. Las autoridades lo ven\u00edan siguiendo a trav\u00e9s de tareas de inteligencia, como vigilancias y seguimientos, y rastreos de <strong>equipos satelitales instalados en sus autos<\/strong>.<\/p>\n<p style=\"text-align: justify;\">L\u00f3pez, de 41 a\u00f1os, se inici\u00f3 en una pandilla y estuvo vinculado a la Oficina de Envigado, donde escal\u00f3 posiciones hasta convertirse en lugarteniente de <strong>Diego Murillo<\/strong>, alias \u201c<strong>Don Berna<\/strong>\u201d.<\/p>\n<p style=\"text-align: justify;\">Un fiscal de <strong>Medell\u00edn <\/strong>hab\u00eda pedido su captura por concierto para delinquir, tr\u00e1fico y tenencia de armas. Asimismo, la prensa local hab\u00eda informado en los \u00faltimos meses <strong>planeaba negociar su entrega con la justicia estadounidense. <\/strong><\/p>\n<p style=\"text-align: justify;\">Asimismo, ten\u00eda <strong>amenazados a varios parodistas colombianos<\/strong> y hab\u00eda demandando a un general por calumnias.<\/p>\n<p style=\"text-align: justify;\"><strong>Los Urabe\u00f1os<\/strong> son una <em>bacrim<\/em> (banda criminal) creada por mandos medios de las <strong>Autodefensas Unidas<\/strong> <strong>de Colombia<\/strong> (AUC) despu\u00e9s de la desmovilizaci\u00f3n de esa organizaci\u00f3n paramilitar entre 2003 y 2006. En la actualidad controlan el tr\u00e1fico de drogas a trav\u00e9s de la regi\u00f3n de <strong>Urab\u00e1<\/strong> y zonas del Caribe.<\/p>\n<p style=\"text-align: justify;\">Varias figuras cercanas a L\u00f3pez hab\u00edan sido detenidas en los \u00faltimos tiempos, entre ellas, los hermanos John Fernando y Juan Diego Giraldo \u00dasuga, y su contador, Edison G\u00f3mez Molina.<\/p>\n","protected":false},"excerpt":{"rendered":"<p>Se trata de Henry de Jes\u00fas L\u00f3pez, conocido como \u00abMi Sangre\u00bb, l\u00edder de Los Urabe\u00f1os, una de las organizaciones criminales y productora de coca\u00edna m\u00e1s importante del mundo. Fue arrestado anoche en Pilar. Henry de Jes\u00fas L\u00f3pez, alias \u00abMi Sangre\u201d, era uno de los narcotraficantes colombianos m\u00e1s buscados tanto en su pa\u00eds como por la&hellip;<\/p>\n","protected":false},"author":1,"featured_media":0,"comment_status":"open","ping_status":"open","sticky":false,"template":"","format":"standard","meta":{"footnotes":""},"categories":[22],"tags":[2742,3643,91,13394,13396,13395,1411,407],"class_list":["post-29002","post","type-post","status-publish","format-standard","hentry","category-policiales","tag-colombia","tag-dea","tag-detenido","tag-henry-de-jesus-lopez","tag-los-urabenos","tag-mi-sangre","tag-pilar","tag-side"],"_links":{"self":[{"href":"https:\/\/www.elsindical.com.ar\/notas\/wp-json\/wp\/v2\/posts\/29002","targetHints":{"allow":["GET"]}}],"collection":[{"href":"https:\/\/www.elsindical.com.ar\/notas\/wp-json\/wp\/v2\/posts"}],"about":[{"href":"https:\/\/www.elsindical.com.ar\/notas\/wp-json\/wp\/v2\/types\/post"}],"author":[{"embeddable":true,"href":"https:\/\/www.elsindical.com.ar\/notas\/wp-json\/wp\/v2\/users\/1"}],"replies":[{"embeddable":true,"href":"https:\/\/www.elsindical.com.ar\/notas\/wp-json\/wp\/v2\/comments?post=29002"}],"version-history":[{"count":2,"href":"https:\/\/www.elsindical.com.ar\/notas\/wp-json\/wp\/v2\/posts\/29002\/revisions"}],"predecessor-version":[{"id":29005,"href":"https:\/\/www.elsindical.com.ar\/notas\/wp-json\/wp\/v2\/posts\/29002\/revisions\/29005"}],"wp:attachment":[{"href":"https:\/\/www.elsindical.com.ar\/notas\/wp-json\/wp\/v2\/media?parent=29002"}],"wp:term":[{"taxonomy":"category","embeddable":true,"href":"https:\/\/www.elsindical.com.ar\/notas\/wp-json\/wp\/v2\/categories?post=29002"},{"taxonomy":"post_tag","embeddable":true,"href":"https:\/\/www.elsindical.com.ar\/notas\/wp-json\/wp\/v2\/tags?post=29002"}],"curies":[{"name":"wp","href":"https:\/\/api.w.org\/{rel}","templated":true}]}}