{"id":28999,"date":"2012-10-31T00:30:59","date_gmt":"2012-10-31T03:30:59","guid":{"rendered":"http:\/\/www.elsindical.com.ar\/notas\/?p=28999"},"modified":"2012-10-31T00:30:59","modified_gmt":"2012-10-31T03:30:59","slug":"efemeridesdel-dia-31-de-octubre-3","status":"publish","type":"post","link":"https:\/\/www.elsindical.com.ar\/notas\/efemeridesdel-dia-31-de-octubre-3\/","title":{"rendered":"EFEM\u00c9RIDES:DEL D\u00cdA 31 DE OCTUBRE"},"content":{"rendered":"<p style=\"text-align: justify;\"><a href=\"http:\/\/www.elsindical.com.ar\/notas\/var\/www\/html\/notas\/wp-content\/uploads\/2010\/02\/Martin-Lutero.jpg\"><img loading=\"lazy\" decoding=\"async\" class=\"alignleft size-full wp-image-3750\" title=\"Martin-Lutero\" src=\"http:\/\/www.elsindical.com.ar\/notas\/var\/www\/html\/notas\/wp-content\/uploads\/2010\/02\/Martin-Lutero.jpg\" alt=\"\" width=\"142\" height=\"174\" \/><\/a>En otro 31 de octubre, pero de 1517, Lutero comienza en Wittenberg (Alemania) sus ataques a la Iglesia de Roma, con los que se inicia la Reforma protestante.<br \/>\n1714.- Coronaci\u00f3n de Jorge I de Inglaterra como rey de Gran Breta\u00f1a y de Irlanda, primer monarca de la Casa de Hannover que rein\u00f3 en estos pa\u00edses.<br \/>\n1768.- Nace Mar\u00eda de Guzm\u00e1n, primera mujer que ingres\u00f3 en la Real Academia Espa\u00f1ola.<br \/>\n1790.- Aparece el &#8216;Papel Peri\u00f3dico de la Havana&#8217;, primer peri\u00f3dico literario-econ\u00f3mico publicado en la capital cubana.<br \/>\n1794.- El f\u00edsico brit\u00e1nico John Dalton descubre la enfermedad de la vista llamada discromatopsia o ceguera de los colores, conocida popularmente como daltonismo.<br \/>\n1873.- Apresamiento en aguas de Santiago de Cuba del vapor estadounidense &#8216;Virginius&#8217; con un cargamento de armas para los insurrectos de la isla caribe\u00f1a, lo que estuvo a punto de provocar una guerra entre Espa\u00f1a y EEUU.<br \/>\n1905.- Publicaci\u00f3n de la primera Constituci\u00f3n pol\u00edtica de Montenegro.<br \/>\n1918.- I Guerra Mundial (1914-1918). Turqu\u00eda capitula y los ingleses entran en Mosul (hoy Irak).<br \/>\n1918.- Huida de Carlos I, emperador de Austria y rey de Hungr\u00eda, tras producirse la revoluci\u00f3n austro-h\u00fangara.<br \/>\n1922.- Nace Norodom Sihanuk, rey de Camboya.<br \/>\n1929.- Muere Antonio Jos\u00e9 d&#8217;Almeida, pol\u00edtico portugu\u00e9s.<br \/>\n1932.- Nace Richard Harris, actor irland\u00e9s.<br \/>\n1937.- Nace Michael Landon, actor estadounidense.<br \/>\n1956.- Crisis de Suez: fuerzas a\u00e9reas brit\u00e1nicas y francesas bombardean los aer\u00f3dromos egipcios.<br \/>\n1960.- Nace Ciro Reza Pahlevi, heredero del trono de Ir\u00e1n, hijo del derrocado sha Mohamed Reza Pahlevi.<br \/>\n1964.- El Congreso argentino deroga las leyes que prohib\u00edan las actividades peronistas y comunistas.<br \/>\n1981.- Muere Georges Brassens, poeta, m\u00fasico y cantante franc\u00e9s.<br \/>\n1982.- El Papa Juan Pablo II llega a Madrid, en la primera visita a Espa\u00f1a de nueve d\u00edas de duraci\u00f3n.<br \/>\n1984.- La primera ministra india, Indira Gandhi, es asesinada.<br \/>\n1988.- La C\u00e1mara Federal de Buenos Aires confirma la condena a doce a\u00f1os de c\u00e1rcel a los tres militares que dirigieron la guerra de las Malvinas: Galtieri, Anaya y Lami.<br \/>\n1989.- Turgut Ozal es elegido presidente de Turqu\u00eda en tercera votaci\u00f3n, por la negativa de la oposici\u00f3n a participar en las votaciones.<br \/>\n1992.- El papa Juan Pablo II reconoce solemnemente que la condena de Galileo fue injusta, 350 a\u00f1os despu\u00e9s de la muerte del astr\u00f3nomo italiano.<br \/>\n1993.- Muere Federico Fellini, cineasta italiano.<br \/>\n1993.- Muere River Phoenix, actor.<br \/>\n1994.- El Gobierno de Angola y la guerrilla de la Uni\u00f3n Nacional para la Independencia Total de Angola (UNITA) alcanzan en Lusaka un acuerdo de paz.<br \/>\n1995.- Dimite el primer ministro de Quebec, el separatista Jacques Parizeau, tras la derrota de los independentistas en el refer\u00e9ndum celebrado el d\u00eda anterior.<br \/>\n1996.- Muere Marcel Carn\u00e9, cineasta franc\u00e9s.<br \/>\n1997.- El general \u00c1lvaro L\u00f3pez Miera, hijo y nieto de militares espa\u00f1oles, es nombrado jefe del Estado Mayor del Ej\u00e9rcito de Cuba.<br \/>\n1997.- Muere Samuel Fuller, director de cine estadounidense.<br \/>\n1998.- Tras azotar Centroam\u00e9rica durante una semana el hurac\u00e1n &#8216;Mitch&#8217; provoca m\u00e1s de 10.000 muertos, 12.000 desaparecidos, unos 3 millones de damnificados y enormes da\u00f1os materiales. Honduras y Nicaragua fueron los pa\u00edses m\u00e1s afectados.<br \/>\n1998.- Muere Paul Misraki, compositor franc\u00e9s.<br \/>\n1999.- Cat\u00f3licos y protestantes firman en Alemania la &#8216;Declaraci\u00f3n com\u00fan sobre la gracia&#8217;, en la que la Iglesia de Roma acepta por primera vez que el hombre se salva por la fe y el amor a Dios y no por sus obras. El Vaticano levanta la ex comuni\u00f3n a Martin Lutero.<br \/>\n2002.- Muere Raf Vallone, actor italiano.<br \/>\n2004.- El candidato de la coalici\u00f3n de izquierda Frente Amplio, Tabar\u00e9 V\u00e1zquez, es proclamado vencedor de las elecciones presidenciales y legislativas de Uruguay.<br \/>\n2004.- Marco Augusto Quiroa, pintor y escritor guatemalteco.<br \/>\n2005.- Nace la primog\u00e9nita de los pr\u00edncipes de Asturias, Leonor, infanta de Espa\u00f1a y futura heredera de la Corona espa\u00f1ola.<br \/>\n2006.- Pieter Willem Botha, ex presidente sudafricano.<br \/>\n2006.- Corea del Norte acepta reanudar las negociaciones sobre el desmantelamiento de su programa nuclear.<\/p>\n","protected":false},"excerpt":{"rendered":"<p>En otro 31 de octubre, pero de 1517, Lutero comienza en Wittenberg (Alemania) sus ataques a la Iglesia de Roma, con los que se inicia la Reforma protestante. 1714.- Coronaci\u00f3n de Jorge I de Inglaterra como rey de Gran Breta\u00f1a y de Irlanda, primer monarca de la Casa de Hannover que rein\u00f3 en estos pa\u00edses.&hellip;<\/p>\n","protected":false},"author":1,"featured_media":0,"comment_status":"open","ping_status":"open","sticky":false,"template":"","format":"standard","meta":{"footnotes":""},"categories":[14],"tags":[],"class_list":["post-28999","post","type-post","status-publish","format-standard","hentry","category-efemerides"],"_links":{"self":[{"href":"https:\/\/www.elsindical.com.ar\/notas\/wp-json\/wp\/v2\/posts\/28999","targetHints":{"allow":["GET"]}}],"collection":[{"href":"https:\/\/www.elsindical.com.ar\/notas\/wp-json\/wp\/v2\/posts"}],"about":[{"href":"https:\/\/www.elsindical.com.ar\/notas\/wp-json\/wp\/v2\/types\/post"}],"author":[{"embeddable":true,"href":"https:\/\/www.elsindical.com.ar\/notas\/wp-json\/wp\/v2\/users\/1"}],"replies":[{"embeddable":true,"href":"https:\/\/www.elsindical.com.ar\/notas\/wp-json\/wp\/v2\/comments?post=28999"}],"version-history":[{"count":2,"href":"https:\/\/www.elsindical.com.ar\/notas\/wp-json\/wp\/v2\/posts\/28999\/revisions"}],"predecessor-version":[{"id":29001,"href":"https:\/\/www.elsindical.com.ar\/notas\/wp-json\/wp\/v2\/posts\/28999\/revisions\/29001"}],"wp:attachment":[{"href":"https:\/\/www.elsindical.com.ar\/notas\/wp-json\/wp\/v2\/media?parent=28999"}],"wp:term":[{"taxonomy":"category","embeddable":true,"href":"https:\/\/www.elsindical.com.ar\/notas\/wp-json\/wp\/v2\/categories?post=28999"},{"taxonomy":"post_tag","embeddable":true,"href":"https:\/\/www.elsindical.com.ar\/notas\/wp-json\/wp\/v2\/tags?post=28999"}],"curies":[{"name":"wp","href":"https:\/\/api.w.org\/{rel}","templated":true}]}}