{"id":28996,"date":"2012-10-30T22:38:27","date_gmt":"2012-10-31T01:38:27","guid":{"rendered":"http:\/\/www.elsindical.com.ar\/notas\/?p=28996"},"modified":"2012-10-30T22:38:27","modified_gmt":"2012-10-31T01:38:27","slug":"por-complicidad-con-la-dictadura-procesaron-a-funcionarios-judiciales","status":"publish","type":"post","link":"https:\/\/www.elsindical.com.ar\/notas\/por-complicidad-con-la-dictadura-procesaron-a-funcionarios-judiciales\/","title":{"rendered":"Por complicidad con la Dictadura, procesaron a funcionarios judiciales"},"content":{"rendered":"<p style=\"text-align: justify;\"><em><a href=\"http:\/\/www.elsindical.com.ar\/notas\/var\/www\/html\/notas\/wp-content\/uploads\/2012\/10\/grupos-de-tareas.jpg\"><img loading=\"lazy\" decoding=\"async\" class=\"alignleft size-medium wp-image-28997\" title=\"grupos-de-tareas\" src=\"http:\/\/www.elsindical.com.ar\/notas\/var\/www\/html\/notas\/wp-content\/uploads\/2012\/10\/grupos-de-tareas-300x190.jpg\" alt=\"\" width=\"300\" height=\"190\" srcset=\"https:\/\/www.elsindical.com.ar\/notas\/var\/www\/html\/notas\/wp-content\/uploads\/2012\/10\/grupos-de-tareas-300x190.jpg 300w, https:\/\/www.elsindical.com.ar\/notas\/var\/www\/html\/notas\/wp-content\/uploads\/2012\/10\/grupos-de-tareas.jpg 413w\" sizes=\"auto, (max-width: 300px) 100vw, 300px\" \/><\/a>El Juez Daniel Herrera Piedrabuena proces\u00f3 a un ex magistrado y otros ex funcionarios del Poder Judicial por su \u00absilencio c\u00f3mplice\u00bb con la dictadura al omitir intencionalmente investigar delitos de lesa humanidad. La medida alcanz\u00f3 a Miguel Angel Puga Antonio Sebasti\u00e1n Cornejo y Carlos Otero \u00c1lvarez.<\/em><\/p>\n<p style=\"text-align: justify;\">El Juez federal de La Rioja, Daniel Herrera Piedrabuena, proces\u00f3 a un ex magistrado y otros ex funcionarios del Poder Judicial por su \u00absilencio c\u00f3mplice\u00bb con la dictadura al omitir intencionalmente investigar delitos de lesa humanidad.<\/p>\n<p style=\"text-align: justify;\">Adem\u00e1s, trab\u00f3 embargos a bienes por 200.000 pesos, indicaron fuentes judiciales.<\/p>\n<p style=\"text-align: justify;\">\u201cLos distintos hechos grav\u00edsimos aqu\u00ed investigados, hieren, laceran a la humanidad y por ende a la raz\u00f3n, puesto que de haberse hecho lo que se deb\u00eda las v\u00edctimas asesinadas, hoy, tal vez, no lo estar\u00edan; los torturados, los abusados, los maltratados, los privados ileg\u00edtimamente de su libertad, tal vez, hubieran tenido justicia en su oportunidad\u00bb, enfatiz\u00f3 el magistrado.<\/p>\n<p style=\"text-align: justify;\">La medida de Herrera Piedrabuena alcanz\u00f3 a su ex colega Miguel Angel Puga a quien le imput\u00f3 los delitos de \u00abincumplimiento de la obligaci\u00f3n de promover la persecuci\u00f3n penal\u00bb en ocho hechos, \u00aby que resultar\u00eda de la participaci\u00f3n secundaria en los delitos de homicidio calificado; imposici\u00f3n de tormentos y privaci\u00f3n ileg\u00edtima de la libertad\u00bb.<\/p>\n<p style=\"text-align: justify;\">El ex Fiscal federal Antonio Sebasti\u00e1n Cornejo fue procesado por los mismos hechos, en tanto el ex secretario Carlos Otero Alvarez fue procesado por encubrimiento en una resoluci\u00f3n en la que el magistrado sostuvo que \u201cadquiere particular relevancia la prueba documental incorporada, como fiel reflejo de la actitud omisiva, de `silencio c\u00f3mplice\u00b4\u201d.<\/p>\n<p style=\"text-align: justify;\">En ese sentido Herrera Piedrabuena a\u00f1adi\u00f3 que \u00abfue un com\u00fan denominador en el Poder Judicial de la Naci\u00f3n de la circunscripci\u00f3n de C\u00f3rdoba, en particular entre los ex jueces, fiscales y funcionarios de primera instancia que pretendieron asegurar la impunidad de los autores de aberrantes delitos con su inactividad\u00bb.<\/p>\n<p style=\"text-align: justify;\">El Juez afirm\u00f3 que la prueba reunida permiti\u00f3 \u00abreconstruir el acontecer hist\u00f3rico, y que resulta demostrativa -dada su reiteraci\u00f3n- de la sistematicidad con la que actuaron los ex magistrados y ex funcionarios hoy imputados, quienes olvidando, o tal vez nunca lo supieron, como hombres de derecho cu\u00e1l era el rol exigible a quienes ocuparon tan altas magistraturas y funciones, que no era otro que asegurar la vida, la integridad y la dignidad de las personas\u201d.<\/p>\n<p style=\"text-align: justify;\">\u00abPodr\u00eda afirmarse, s\u00f3lo como justificaci\u00f3n, que estos ex magistrados y ex funcionarios, tal vez no pod\u00edan dimensionar o entender la magnitud de lo que suced\u00eda, pero el hecho de que si hubieran puesto en marcha el sistema de garant\u00edas para cada una de las v\u00edctimas, a\u00fan en forma individual, hubiera servido no solo como l\u00edmite a lo aberrantes delitos que se comet\u00edan\u00bb, afirm\u00f3.<\/p>\n<p style=\"text-align: justify;\">En esa l\u00ednea agreg\u00f3 que tambi\u00e9n \u00abse habr\u00eda beneficiado a la sociedad en su conjunto donde el Poder Judicial de la Naci\u00f3n hubiera actuado como protecci\u00f3n ante el poder absoluto, o al menos intentado atemperar las acciones desatadas por el aparato represivo del Estado\u201d.<\/p>\n<p style=\"text-align: justify;\">El magistrado concluy\u00f3 que \u00abhubo una actitud de jueces y funcionarios, y hasta de abogados, que en forma rutinaria y con un esquema mental mecanizado no tuvieron la suficiente actitud para comprender las exigencias que la realidad les estaba marcando, para poder decidir a favor de la vida y la dignidad de las personas\u201d.<\/p>\n","protected":false},"excerpt":{"rendered":"<p>El Juez Daniel Herrera Piedrabuena proces\u00f3 a un ex magistrado y otros ex funcionarios del Poder Judicial por su \u00absilencio c\u00f3mplice\u00bb con la dictadura al omitir intencionalmente investigar delitos de lesa humanidad. La medida alcanz\u00f3 a Miguel Angel Puga Antonio Sebasti\u00e1n Cornejo y Carlos Otero \u00c1lvarez. El Juez federal de La Rioja, Daniel Herrera Piedrabuena,&hellip;<\/p>\n","protected":false},"author":1,"featured_media":0,"comment_status":"open","ping_status":"open","sticky":false,"template":"","format":"standard","meta":{"footnotes":""},"categories":[20],"tags":[13393,13391,2754,4370,13392,2281],"class_list":["post-28996","post","type-post","status-publish","format-standard","hentry","category-judiciales","tag-carlos-otero-alvarez","tag-daniel-herrera-piedrabuena","tag-la-rioja","tag-magistrado","tag-miguel-angel-puga-antonio-sebastian-cornejo","tag-poder-judicial"],"_links":{"self":[{"href":"https:\/\/www.elsindical.com.ar\/notas\/wp-json\/wp\/v2\/posts\/28996","targetHints":{"allow":["GET"]}}],"collection":[{"href":"https:\/\/www.elsindical.com.ar\/notas\/wp-json\/wp\/v2\/posts"}],"about":[{"href":"https:\/\/www.elsindical.com.ar\/notas\/wp-json\/wp\/v2\/types\/post"}],"author":[{"embeddable":true,"href":"https:\/\/www.elsindical.com.ar\/notas\/wp-json\/wp\/v2\/users\/1"}],"replies":[{"embeddable":true,"href":"https:\/\/www.elsindical.com.ar\/notas\/wp-json\/wp\/v2\/comments?post=28996"}],"version-history":[{"count":1,"href":"https:\/\/www.elsindical.com.ar\/notas\/wp-json\/wp\/v2\/posts\/28996\/revisions"}],"predecessor-version":[{"id":28998,"href":"https:\/\/www.elsindical.com.ar\/notas\/wp-json\/wp\/v2\/posts\/28996\/revisions\/28998"}],"wp:attachment":[{"href":"https:\/\/www.elsindical.com.ar\/notas\/wp-json\/wp\/v2\/media?parent=28996"}],"wp:term":[{"taxonomy":"category","embeddable":true,"href":"https:\/\/www.elsindical.com.ar\/notas\/wp-json\/wp\/v2\/categories?post=28996"},{"taxonomy":"post_tag","embeddable":true,"href":"https:\/\/www.elsindical.com.ar\/notas\/wp-json\/wp\/v2\/tags?post=28996"}],"curies":[{"name":"wp","href":"https:\/\/api.w.org\/{rel}","templated":true}]}}