{"id":28930,"date":"2012-10-29T13:22:25","date_gmt":"2012-10-29T16:22:25","guid":{"rendered":"http:\/\/www.elsindical.com.ar\/notas\/?p=28930"},"modified":"2012-10-29T13:22:25","modified_gmt":"2012-10-29T16:22:25","slug":"constitucionse-derrumbo-una-casa","status":"publish","type":"post","link":"https:\/\/www.elsindical.com.ar\/notas\/constitucionse-derrumbo-una-casa\/","title":{"rendered":"Constituci\u00f3n:Se derrumb\u00f3 una casa"},"content":{"rendered":"<p style=\"text-align: justify;\"><em><a href=\"http:\/\/www.elsindical.com.ar\/notas\/var\/www\/html\/notas\/wp-content\/uploads\/2012\/10\/derrumbe-barrio-de-Constituci\u00f3n.jpg\"><img loading=\"lazy\" decoding=\"async\" class=\"alignleft size-medium wp-image-28931\" title=\"derrumbe-barrio-de-Constituci\u00f3n\" src=\"http:\/\/www.elsindical.com.ar\/notas\/var\/www\/html\/notas\/wp-content\/uploads\/2012\/10\/derrumbe-barrio-de-Constituci\u00f3n-300x199.jpg\" alt=\"\" width=\"300\" height=\"199\" srcset=\"https:\/\/www.elsindical.com.ar\/notas\/var\/www\/html\/notas\/wp-content\/uploads\/2012\/10\/derrumbe-barrio-de-Constituci\u00f3n-300x199.jpg 300w, https:\/\/www.elsindical.com.ar\/notas\/var\/www\/html\/notas\/wp-content\/uploads\/2012\/10\/derrumbe-barrio-de-Constituci\u00f3n-450x300.jpg 450w, https:\/\/www.elsindical.com.ar\/notas\/var\/www\/html\/notas\/wp-content\/uploads\/2012\/10\/derrumbe-barrio-de-Constituci\u00f3n.jpg 502w\" sizes=\"auto, (max-width: 300px) 100vw, 300px\" \/><\/a>Los bomberos lograron rescatar a un hombre que hab\u00eda quedado atrapado entre los escombros.<\/em><\/p>\n<p style=\"text-align: justify;\">Una casa se derrumb\u00f3 esta ma\u00f1ana en el barrio porte\u00f1o de Constituci\u00f3n,\u00a0 en medio de una lluvia torrencial, y los bomberos rescataron a un hombre\u00a0 que hab\u00eda quedado atrapado entre los escombros.<\/p>\n<p style=\"text-align: justify;\">En tanto, casi a\u00a0 la misma hora, alrededor de las 05:00, se cay\u00f3 la mamposter\u00eda del techo de\u00a0 otra vivienda de la zona, sin que se registraran v\u00edctimas.<\/p>\n<p style=\"text-align: justify;\">Fuentes policiales informaron que el primero de los hechos <strong>se produjo en\u00a0 una casa de la calle Lima al 1700, ubicada sobre una agencia de\u00a0 quiniela.\u00a0<\/strong><\/p>\n<p style=\"text-align: justify;\">Bomberos, personal de Defensa Civil y del SAME trabajaron en el\u00a0 lugar y rescataron a un hombre, que fue trasladado al Hospital General\u00a0 de Agudos \u00abJ. A. Penna\u00bb.<\/p>\n<p style=\"text-align: justify;\">Un vecino, que se identific\u00f3 s\u00f3lo como\u00a0 H\u00e9ctor, denunci\u00f3 que<strong> \u00aba las once de la noche estaban picando\u00bb, haciendo\u00a0 tareas de alba\u00f1iler\u00eda, y esta madrugada \u00abse derrumb\u00f3 la medianera\u00bb<\/strong>. \u00abJos\u00e9, el (empleado) de la agencia de quiniela, de 85 a\u00f1os, estaba\u00a0 adentro. Vino a las cuatro y media de la ma\u00f1ana, al horario de siempre, y\u00a0 tambi\u00e9n otra persona que es el obrero de ah\u00ed\u00bb, cont\u00f3.<\/p>\n<p style=\"text-align: justify;\">Pocos\u00a0 minutos despu\u00e9s s<strong>e cay\u00f3 parte del techo y la mamposter\u00eda de una vieja\u00a0 casa de dos plantas ubicada en la calle San Jos\u00e9 948<\/strong>, entre Estados\u00a0 Unidos y Carlos Calvo.<\/p>\n<p style=\"text-align: justify;\">Marta, la propietaria del departamento 2,\u00a0 de la planta baja, responsabiliz\u00f3 de lo ocurrido al habitante del piso\u00a0 superior que recientemente hab\u00eda realizado algunas refacciones en su\u00a0 vivienda.<\/p>\n<p style=\"text-align: justify;\"><strong>\u00abPor suerte mis hijos y mis nietos no estaban en casa,\u00a0 porque si no hubiese sido una tragedia\u00bb<\/strong>, dijo la mujer a radio\u00a0 Continental<\/p>\n","protected":false},"excerpt":{"rendered":"<p>Los bomberos lograron rescatar a un hombre que hab\u00eda quedado atrapado entre los escombros. Una casa se derrumb\u00f3 esta ma\u00f1ana en el barrio porte\u00f1o de Constituci\u00f3n,\u00a0 en medio de una lluvia torrencial, y los bomberos rescataron a un hombre\u00a0 que hab\u00eda quedado atrapado entre los escombros. En tanto, casi a\u00a0 la misma hora, alrededor de&hellip;<\/p>\n","protected":false},"author":1,"featured_media":0,"comment_status":"open","ping_status":"open","sticky":false,"template":"","format":"standard","meta":{"footnotes":""},"categories":[25],"tags":[1369,1113,324,4113],"class_list":["post-28930","post","type-post","status-publish","format-standard","hentry","category-sociedad","tag-bomberos","tag-casa","tag-constitucion","tag-derrumbe"],"_links":{"self":[{"href":"https:\/\/www.elsindical.com.ar\/notas\/wp-json\/wp\/v2\/posts\/28930","targetHints":{"allow":["GET"]}}],"collection":[{"href":"https:\/\/www.elsindical.com.ar\/notas\/wp-json\/wp\/v2\/posts"}],"about":[{"href":"https:\/\/www.elsindical.com.ar\/notas\/wp-json\/wp\/v2\/types\/post"}],"author":[{"embeddable":true,"href":"https:\/\/www.elsindical.com.ar\/notas\/wp-json\/wp\/v2\/users\/1"}],"replies":[{"embeddable":true,"href":"https:\/\/www.elsindical.com.ar\/notas\/wp-json\/wp\/v2\/comments?post=28930"}],"version-history":[{"count":2,"href":"https:\/\/www.elsindical.com.ar\/notas\/wp-json\/wp\/v2\/posts\/28930\/revisions"}],"predecessor-version":[{"id":28933,"href":"https:\/\/www.elsindical.com.ar\/notas\/wp-json\/wp\/v2\/posts\/28930\/revisions\/28933"}],"wp:attachment":[{"href":"https:\/\/www.elsindical.com.ar\/notas\/wp-json\/wp\/v2\/media?parent=28930"}],"wp:term":[{"taxonomy":"category","embeddable":true,"href":"https:\/\/www.elsindical.com.ar\/notas\/wp-json\/wp\/v2\/categories?post=28930"},{"taxonomy":"post_tag","embeddable":true,"href":"https:\/\/www.elsindical.com.ar\/notas\/wp-json\/wp\/v2\/tags?post=28930"}],"curies":[{"name":"wp","href":"https:\/\/api.w.org\/{rel}","templated":true}]}}