{"id":28925,"date":"2012-10-29T12:48:47","date_gmt":"2012-10-29T15:48:47","guid":{"rendered":"http:\/\/www.elsindical.com.ar\/notas\/?p=28925"},"modified":"2012-10-29T12:48:47","modified_gmt":"2012-10-29T15:48:47","slug":"colapso-la-capital-federal-y-el-conurbano-por-las-fuertes-lluvias","status":"publish","type":"post","link":"https:\/\/www.elsindical.com.ar\/notas\/colapso-la-capital-federal-y-el-conurbano-por-las-fuertes-lluvias\/","title":{"rendered":"Colaps\u00f3 la Capital Federal y el Conurbano por las fuertes lluvias"},"content":{"rendered":"<p style=\"text-align: justify;\"><em><a href=\"http:\/\/www.elsindical.com.ar\/notas\/var\/www\/html\/notas\/wp-content\/uploads\/2012\/10\/inundaciones-Capital-Federal.jpg\"><img loading=\"lazy\" decoding=\"async\" class=\"alignleft size-medium wp-image-28926\" title=\"inundaciones-Capital-Federal\" src=\"http:\/\/www.elsindical.com.ar\/notas\/var\/www\/html\/notas\/wp-content\/uploads\/2012\/10\/inundaciones-Capital-Federal-300x224.jpg\" alt=\"\" width=\"300\" height=\"224\" srcset=\"https:\/\/www.elsindical.com.ar\/notas\/var\/www\/html\/notas\/wp-content\/uploads\/2012\/10\/inundaciones-Capital-Federal-300x224.jpg 300w, https:\/\/www.elsindical.com.ar\/notas\/var\/www\/html\/notas\/wp-content\/uploads\/2012\/10\/inundaciones-Capital-Federal-400x300.jpg 400w, https:\/\/www.elsindical.com.ar\/notas\/var\/www\/html\/notas\/wp-content\/uploads\/2012\/10\/inundaciones-Capital-Federal.jpg 502w\" sizes=\"auto, (max-width: 300px) 100vw, 300px\" \/><\/a>La tormenta provoc\u00f3 <strong>anegamientos en el \u00e1rea metropolitana. <\/strong>Cientos de personas en<strong> La Matanza, Avellaneda, Lan\u00fas y Quilmes<\/strong> fueron evacuadas. El subte estuvo interrumpido y ahora siguen las demoras. Tambi\u00e9n los <strong>ramales Mitre y Roca<\/strong>. Los colectivos est\u00e1n saturados de pasajeros. Hubo demoras en <strong>Aeroparque y Ezeiza.<\/strong> Adem\u00e1s se registran <strong>zonas sin luz<\/strong>. En Constituci\u00f3n<strong> rescataron a una persona tras el derrumbe<\/strong> de su casa.<\/em><\/p>\n<p style=\"text-align: justify;\">El temporal que abati\u00f3 al \u00e1rea metropolitana desde esta madrugada provoc\u00f3 anegamientos de calles y la <strong>interrupci\u00f3n parcial del servicio de subtes y el Premetro<\/strong>, as\u00ed como la suspensi\u00f3n de los ramales ferroviarios del <strong>Mitre y Roca<\/strong> el\u00e9ctricos.<\/p>\n<p style=\"text-align: justify;\">Como consecuencia de la gran cantidad de agua ca\u00edda en la Capital y el Conurbano se est\u00e1n registrando <strong>cortes de energ\u00eda el\u00e9ctrica<\/strong> en algunos barrios porte\u00f1os.<\/p>\n<p style=\"text-align: justify;\">Asimismo, numerosos sectores de los partidos bonaerenses de <strong>La Matanza<\/strong>, <strong>Quilmes<\/strong>, <strong>Avellaneda<\/strong>, <strong>Mor\u00f3n<\/strong> y <strong>Lomas de Zamora<\/strong> se encuentran anegados como consecuencia de las lluvias. Fuentes de la Direcci\u00f3n de <strong>Defensa Civil<\/strong> de la provincia de Buenos Aires dijeron que <strong>el agua ya inund\u00f3 barrios de las ciudades de Haedo, Isidro Casanova, Quilmes, Temperley y Avellaneda<\/strong>. Efectivos de bomberos de esos partidos trabajan para atender a los vecinos afectados.<\/p>\n<p style=\"text-align: justify;\">El titular del Consejo provincial de Emergencias, <strong>Luciano Timerman<\/strong>, inform\u00f3 que a ra\u00edz de las intensas lluvias que caen desde esta madrugada desbord\u00f3 el r\u00edo Matanza y ocasion\u00f3 evacuados y calles anegadas, en tanto sigue el alerta por vientos fuertes y lluvias.<\/p>\n<p style=\"text-align: justify;\">\u00abHay calles anegadas y rutas anegadas en distintos distritos del conurbano bonaerense, y el desborde del r\u00edo Matanza ocasion\u00f3<strong> evacuados en La Matanza y Esteban Echeverr\u00eda\u00bb, detall\u00f3 Timerman<\/strong> en declaraciones <em>Radio 10.<\/em><\/p>\n<p style=\"text-align: justify;\">El funcionario advirti\u00f3 que \u00absigue el alerta por vientos fuertes y lluvias, por lo que pedimos precauci\u00f3n para circular por las rutas y autopistas, en especial las que conducen a Capital Federal\u00bb.<\/p>\n<p style=\"text-align: justify;\">Timerman destac\u00f3 que el gobernador bonaerense, <strong>Daniel Scioli y su ministro de Desarrollo Social provincial, Mart\u00edn Ferr\u00e9,<\/strong> monitorean desde la madrugada la situaci\u00f3n en todo el territorio bonaerense y han puesto a disposici\u00f3n de los municipios afectados la ayuda que requieran.<\/p>\n<p style=\"text-align: justify;\">A todo esto, <strong>una persona fue rescatada esta ma\u00f1ana bajo los escombros<\/strong> de una casa que se desplom\u00f3 en el barrio porte\u00f1o de Constituci\u00f3n a ra\u00edz de la fuerte tormenta que afecta el \u00e1rea metropolitana, informaron fuentes policiales y de bomberos.<\/p>\n<p style=\"text-align: justify;\">El derrumbe, que se produjo pasadas las 05:00 hs., afect\u00f3 a un inmueble ubicado en la calle Lima 1700, donde funciona una agencia de loter\u00eda. Contin\u00faan las tareas de bomberos, personal de la comisar\u00eda 24, de la Guardia de Auxilio y del SAME.<\/p>\n<p style=\"text-align: justify;\">Desde la empresa <strong>Metrov\u00edas <\/strong>informaron que \u201clos servicios de las l\u00edneas de subtes y el Premetro comenzaron a normalizarse luego de la interrupci\u00f3n por anegamientos a causa de las fuertes lluvias\u201d.<\/p>\n<p style=\"text-align: justify;\">La situaci\u00f3n de los mismos a las 11 es la siguiente: \u201cL\u00ednea A, servicio limitado entre estaciones Plaza de Mayo y Loria; el resto de las l\u00edneas ya est\u00e1n normalizada\u201d. El servicio del Premetro llega a la estaci\u00f3n Centro C\u00edvico.<\/p>\n<p style=\"text-align: justify;\">Tambi\u00e9n se registran demoras en las partidas de los vuelos tanto en el aeroparque Jorge Newbery como en la terminal internacional de Ezeiza. En el Ministro Pistarini permanec\u00edan demorados desde las 7 vuelos que deb\u00edan partir hacia Bogot\u00e1, Porto Alegre, Montevideo, Iguaz\u00fa y Rosario. En tanto, en Aeroparque se encontraban con retrasos vuelos hacia Santa Fe, R\u00edo de Janeiro, Salta, C\u00f3rdoba, San Pablo, Iguaz\u00fa, Santiago de Chile, Bah\u00eda Blanca, Mendoza y Corrientes.<\/p>\n<p style=\"text-align: justify;\">El <strong>Servicio Meteorol\u00f3gico Nacional<\/strong> inform\u00f3 que la jornada se presenta con lluvias y tormentas aisladas, acompa\u00f1adas de abundantes precipitaciones, r\u00e1fagas y <strong>ca\u00edda de granizo<\/strong>. Estas condiciones se mantendr\u00e1n al menos hasta esta noche, con mejoramientos temporarios. <strong>La temperatura m\u00ednima estimada es de 18 grados y la m\u00e1xima de 20 grados<\/strong>.<\/p>\n<p style=\"text-align: justify;\">Desde <strong>Vialidad Nacional <\/strong>informaron que, \u00abdebido a las fuertes lluvias que se presentan en los principales accesos a Capital Federal y Rutas del \u00e1rea Metropolitana, <strong>se recomienda circular con precauci\u00f3n<\/strong>; manteniendo una distancia segura entre veh\u00edculos\u00bb.<\/p>\n","protected":false},"excerpt":{"rendered":"<p>La tormenta provoc\u00f3 anegamientos en el \u00e1rea metropolitana. Cientos de personas en La Matanza, Avellaneda, Lan\u00fas y Quilmes fueron evacuadas. El subte estuvo interrumpido y ahora siguen las demoras. Tambi\u00e9n los ramales Mitre y Roca. Los colectivos est\u00e1n saturados de pasajeros. Hubo demoras en Aeroparque y Ezeiza. Adem\u00e1s se registran zonas sin luz. En Constituci\u00f3n&hellip;<\/p>\n","protected":false},"author":1,"featured_media":0,"comment_status":"open","ping_status":"open","sticky":false,"template":"","format":"standard","meta":{"footnotes":""},"categories":[25],"tags":[13362,461,1919,1401,209,1921,684,876,1284,2651],"class_list":["post-28925","post","type-post","status-publish","format-standard","hentry","category-sociedad","tag-aeropuertos","tag-avellaneda","tag-inundaciones","tag-la-matanza","tag-lanus","tag-lluvias","tag-quilmes","tag-subte","tag-temporal","tag-trenes"],"_links":{"self":[{"href":"https:\/\/www.elsindical.com.ar\/notas\/wp-json\/wp\/v2\/posts\/28925","targetHints":{"allow":["GET"]}}],"collection":[{"href":"https:\/\/www.elsindical.com.ar\/notas\/wp-json\/wp\/v2\/posts"}],"about":[{"href":"https:\/\/www.elsindical.com.ar\/notas\/wp-json\/wp\/v2\/types\/post"}],"author":[{"embeddable":true,"href":"https:\/\/www.elsindical.com.ar\/notas\/wp-json\/wp\/v2\/users\/1"}],"replies":[{"embeddable":true,"href":"https:\/\/www.elsindical.com.ar\/notas\/wp-json\/wp\/v2\/comments?post=28925"}],"version-history":[{"count":1,"href":"https:\/\/www.elsindical.com.ar\/notas\/wp-json\/wp\/v2\/posts\/28925\/revisions"}],"predecessor-version":[{"id":28927,"href":"https:\/\/www.elsindical.com.ar\/notas\/wp-json\/wp\/v2\/posts\/28925\/revisions\/28927"}],"wp:attachment":[{"href":"https:\/\/www.elsindical.com.ar\/notas\/wp-json\/wp\/v2\/media?parent=28925"}],"wp:term":[{"taxonomy":"category","embeddable":true,"href":"https:\/\/www.elsindical.com.ar\/notas\/wp-json\/wp\/v2\/categories?post=28925"},{"taxonomy":"post_tag","embeddable":true,"href":"https:\/\/www.elsindical.com.ar\/notas\/wp-json\/wp\/v2\/tags?post=28925"}],"curies":[{"name":"wp","href":"https:\/\/api.w.org\/{rel}","templated":true}]}}