{"id":28895,"date":"2012-10-27T12:10:18","date_gmt":"2012-10-27T15:10:18","guid":{"rendered":"http:\/\/www.elsindical.com.ar\/notas\/?p=28895"},"modified":"2012-10-27T12:10:18","modified_gmt":"2012-10-27T15:10:18","slug":"conflicto-brigadista%e2%80%8bs-comarca-andina","status":"publish","type":"post","link":"https:\/\/www.elsindical.com.ar\/notas\/conflicto-brigadista%e2%80%8bs-comarca-andina\/","title":{"rendered":"Conflicto brigadista\u200bs Comarca Andina"},"content":{"rendered":"<p><a href=\"http:\/\/www.elsindical.com.ar\/notas\/var\/www\/html\/notas\/wp-content\/uploads\/2012\/10\/brigadistas-Comarca-Andina.jpg\"><img loading=\"lazy\" decoding=\"async\" class=\"alignleft size-medium wp-image-28896\" title=\"brigadistas--Comarca-Andina\" src=\"http:\/\/www.elsindical.com.ar\/notas\/var\/www\/html\/notas\/wp-content\/uploads\/2012\/10\/brigadistas-Comarca-Andina-300x300.jpg\" alt=\"\" width=\"300\" height=\"300\" srcset=\"https:\/\/www.elsindical.com.ar\/notas\/var\/www\/html\/notas\/wp-content\/uploads\/2012\/10\/brigadistas-Comarca-Andina-300x300.jpg 300w, https:\/\/www.elsindical.com.ar\/notas\/var\/www\/html\/notas\/wp-content\/uploads\/2012\/10\/brigadistas-Comarca-Andina-150x150.jpg 150w, https:\/\/www.elsindical.com.ar\/notas\/var\/www\/html\/notas\/wp-content\/uploads\/2012\/10\/brigadistas-Comarca-Andina.jpg 443w\" sizes=\"auto, (max-width: 300px) 100vw, 300px\" \/><\/a>Reproducimos comunicado de prensa:<\/p>\n<div>Desde ATE Comarca Andina queremos hacer conocer a la comunidad el conflicto gremial que est\u00e1n atravesando los trabajadores del Servicio Provincial de manejo del Fuego y de la Subsecretar\u00eda de Bosques.<\/div>\n<div><\/div>\n<div>Desde hace a\u00f1os se viene reclamando la estabilidad laboral para cerca de 200 compa\u00f1eros de ambos sectores, as\u00ed como la mejora en las condiciones de trabajo (ropa, infraestructura, movilidad, francos, etc) de los brigadistas. Pero no hay respuestas.<\/div>\n<div><\/div>\n<div>Se viene la temporada de incendios y en la Comarca sabemos del compromiso de los trabajadores con el combate contra el fuego. Ya lo han demostrado con creces. Pero el Gobierno no lo reconoce.<\/div>\n<div><\/div>\n<div>La semana pasada se paut\u00f3 una reuni\u00f3n con el nuevo Ministro, para lo cual viajaron 20 brigadistas a Rawson junto al Secr. Gral. de la Seccional Pablo Gatti. All\u00ed fueron recibidos y acompa\u00f1ados por el Secr. Gral de la CTA Sergio Charles, el Secr Adj de ATE Guillermo Quiroga, la Secr Gremial Claudia Barrionuevo.<\/div>\n<div><\/div>\n<div>Pero el Ministro falt\u00f3 a la reuni\u00f3n. Una verdadera falta de respeto a los compa\u00f1eros que viajaron 800 km para entrevistarse con \u00e9l.<\/div>\n<div><\/div>\n<div>El lunes pr\u00f3ximo lo esperamos en El Hoyo. Ser\u00e1 la \u00faltima instancia de di\u00e1logo porque la paciencia se termina.<\/div>\n<div><\/div>\n<div>Luciano Taladriz<\/div>\n<div>Secr. Adjunto<\/div>\n","protected":false},"excerpt":{"rendered":"<p>Reproducimos comunicado de prensa: Desde ATE Comarca Andina queremos hacer conocer a la comunidad el conflicto gremial que est\u00e1n atravesando los trabajadores del Servicio Provincial de manejo del Fuego y de la Subsecretar\u00eda de Bosques. Desde hace a\u00f1os se viene reclamando la estabilidad laboral para cerca de 200 compa\u00f1eros de ambos sectores, as\u00ed como la&hellip;<\/p>\n","protected":false},"author":1,"featured_media":0,"comment_status":"open","ping_status":"open","sticky":false,"template":"","format":"standard","meta":{"footnotes":""},"categories":[16],"tags":[290,13346,13347,13348],"class_list":["post-28895","post","type-post","status-publish","format-standard","hentry","category-gremiales","tag-ate","tag-brigadista","tag-comarca-andina","tag-subsecretaria-de-bosques"],"_links":{"self":[{"href":"https:\/\/www.elsindical.com.ar\/notas\/wp-json\/wp\/v2\/posts\/28895","targetHints":{"allow":["GET"]}}],"collection":[{"href":"https:\/\/www.elsindical.com.ar\/notas\/wp-json\/wp\/v2\/posts"}],"about":[{"href":"https:\/\/www.elsindical.com.ar\/notas\/wp-json\/wp\/v2\/types\/post"}],"author":[{"embeddable":true,"href":"https:\/\/www.elsindical.com.ar\/notas\/wp-json\/wp\/v2\/users\/1"}],"replies":[{"embeddable":true,"href":"https:\/\/www.elsindical.com.ar\/notas\/wp-json\/wp\/v2\/comments?post=28895"}],"version-history":[{"count":2,"href":"https:\/\/www.elsindical.com.ar\/notas\/wp-json\/wp\/v2\/posts\/28895\/revisions"}],"predecessor-version":[{"id":28898,"href":"https:\/\/www.elsindical.com.ar\/notas\/wp-json\/wp\/v2\/posts\/28895\/revisions\/28898"}],"wp:attachment":[{"href":"https:\/\/www.elsindical.com.ar\/notas\/wp-json\/wp\/v2\/media?parent=28895"}],"wp:term":[{"taxonomy":"category","embeddable":true,"href":"https:\/\/www.elsindical.com.ar\/notas\/wp-json\/wp\/v2\/categories?post=28895"},{"taxonomy":"post_tag","embeddable":true,"href":"https:\/\/www.elsindical.com.ar\/notas\/wp-json\/wp\/v2\/tags?post=28895"}],"curies":[{"name":"wp","href":"https:\/\/api.w.org\/{rel}","templated":true}]}}