{"id":28891,"date":"2012-10-27T02:28:22","date_gmt":"2012-10-27T05:28:22","guid":{"rendered":"http:\/\/www.elsindical.com.ar\/notas\/?p=28891"},"modified":"2012-10-27T02:28:22","modified_gmt":"2012-10-27T05:28:22","slug":"la-bocacamionero-paso-en-rojo-y-mato-a-chico-de-10-anos","status":"publish","type":"post","link":"https:\/\/www.elsindical.com.ar\/notas\/la-bocacamionero-paso-en-rojo-y-mato-a-chico-de-10-anos\/","title":{"rendered":"La Boca:Camionero pas\u00f3 en rojo y mat\u00f3 a chico de 10 a\u00f1os"},"content":{"rendered":"<p style=\"text-align: justify;\"><em><a href=\"http:\/\/www.elsindical.com.ar\/notas\/var\/www\/html\/notas\/wp-content\/uploads\/2012\/10\/protesta-La-Boca-menor-atropellado.jpg\"><img loading=\"lazy\" decoding=\"async\" class=\"alignleft size-medium wp-image-28893\" title=\"protesta-La-Boca-menor-atropellado\" src=\"http:\/\/www.elsindical.com.ar\/notas\/var\/www\/html\/notas\/wp-content\/uploads\/2012\/10\/protesta-La-Boca-menor-atropellado-300x170.jpg\" alt=\"\" width=\"300\" height=\"170\" srcset=\"https:\/\/www.elsindical.com.ar\/notas\/var\/www\/html\/notas\/wp-content\/uploads\/2012\/10\/protesta-La-Boca-menor-atropellado-300x170.jpg 300w, https:\/\/www.elsindical.com.ar\/notas\/var\/www\/html\/notas\/wp-content\/uploads\/2012\/10\/protesta-La-Boca-menor-atropellado-500x283.jpg 500w, https:\/\/www.elsindical.com.ar\/notas\/var\/www\/html\/notas\/wp-content\/uploads\/2012\/10\/protesta-La-Boca-menor-atropellado.jpg 502w\" sizes=\"auto, (max-width: 300px) 100vw, 300px\" \/><\/a>Leonel Ponce fue atropellado en la esquina de Ministro Brin y P\u00e9rez Gald\u00f3s. Los vecinos denunciaron que el conductor del cami\u00f3n no respet\u00f3 el sem\u00e1foro y cruz\u00f3 a alta velocidad. Casi lo linchan y qued\u00f3 detenido.<\/em><\/p>\n<p style=\"text-align: justify;\">Un<strong> camionero atropell\u00f3 y mat\u00f3 a un ni\u00f1o de 10 a\u00f1os <\/strong>al cruzar un sem\u00e1foro en rojo y luego efectuar una maniobra indebida, cuando transitaba por las calles del barrio porte\u00f1o de <strong>La Boca.<\/strong> Si bien pretendi\u00f3 escapar, fue perseguido por los vecinos, quienes lograron detenerlo, al cruzarle un auto en su camino. Tras la denuncia de los familiares, el chofer qued\u00f3 demorado en la comisar\u00eda 24\u00aa e imputado por \u201chomicidio culposo\u201d.<\/p>\n<p style=\"text-align: justify;\">El tr\u00e1gico episodio se registr\u00f3 a las 19:00 hs.\u00a0del jueves pasado, en la esquina de <strong>Ministro Brin y Benito P\u00e9rez Gald\u00f3s<\/strong>, y ayer, en el mismo lugar, un grupo de familiares y vecinos de la zona se movilizaron para exigir \u201cjusticia\u201d, pero tambi\u00e9n para solicitar que \u201cse impida el tr\u00e1nsito pesado\u201d por ciertas calles del barrio. \u201cEstamos cansados de los accidentes, con camiones y colectivos que pasan a altas velocidades, sin que nadie los controle. Lamentablemente, esta no es la primera muerte\u201d.<\/p>\n<p style=\"text-align: justify;\"><strong>Leonel Ponce hab\u00eda festejado su cumplea\u00f1os N\u00ba 10 el \u00faltimo martes y como cada tarde, luego de salir de la escuela, sali\u00f3 a divertirse<\/strong>. Esta vez no lo hizo en la plaza Sol\u00eds, frente a su casa, sino que tom\u00f3 su bicicleta y fueron con sus amigos hasta una canchita para jugar al f\u00fatbol. Antes de que anocheciera volv\u00eda a casa, junto a su t\u00edo (un adolescente de 14 a\u00f1os), pero se detuvo cuando se le solt\u00f3 la cadena y al agacharse para colocarla, se presume que qued\u00f3 invisibilizado para el conductor.<\/p>\n<p style=\"text-align: justify;\">No obstante, los testigos atribuyen a la \u201clocura del camionero\u201d el fatal desenlace. \u201cCruz\u00f3 el sem\u00e1foro en rojo, ven\u00eda a mucha velocidad para un cami\u00f3n tan pesado y adem\u00e1s quiso pasar a un colectivo de la l\u00ednea 20 y ah\u00ed lo atropell\u00f3. Casi que lo pas\u00f3 por arriba, lo agarr\u00f3 de la cintura para abajo y qued\u00f3 tirado en la calle. <strong>La ambulancia demor\u00f3 mucho y cuando lleg\u00f3 al Hospital Argerich no pudieron salvarle la vida, hab\u00eda perdido mucha sangre\u201d se\u00f1al\u00f3 Jonatan, familiar de \u201cLeito\u201d.<\/strong><\/p>\n<p style=\"text-align: justify;\">En medio de la conmoci\u00f3n por el fallecimiento del nene, su familia reci\u00e9n pudo radicar la denuncia ayer a la madrugada, siendo informados que el conductor del cami\u00f3n se encontraba detenido en la comisar\u00eda de La Boca. All\u00ed se enteraron que pudo ser detenido por un grupo de personas, que impidieron que fugara, debido a que lo persiguieron y uno de los vecinos logr\u00f3 cruzarle un auto. Si bien trascendi\u00f3 que algunos intentaron lincharlo, la intervenci\u00f3n de los efectivos policiales lo pusieron a resguardo de la bronca de la gente ante lo sucedido con el ni\u00f1o.<\/p>\n<p style=\"text-align: justify;\">Durante la concentraci\u00f3n en Ministro Brin y P\u00e9rez Gald\u00f3s los familiares de Leonel Ponce manifestaron que \u201chay un culpable de esta absurda muerte y tiene que quedar preso. Queremos que se haga justicia\u201d, aunque, se sabe, que los delitos por presuntos accidentes de tr\u00e1nsito son excarcelables, pues a los autores se les imputa por \u201chomicidio culposo\u201d.<\/p>\n<p style=\"text-align: justify;\">Fuente:Diario Popular<\/p>\n","protected":false},"excerpt":{"rendered":"<p>Leonel Ponce fue atropellado en la esquina de Ministro Brin y P\u00e9rez Gald\u00f3s. Los vecinos denunciaron que el conductor del cami\u00f3n no respet\u00f3 el sem\u00e1foro y cruz\u00f3 a alta velocidad. Casi lo linchan y qued\u00f3 detenido. Un camionero atropell\u00f3 y mat\u00f3 a un ni\u00f1o de 10 a\u00f1os al cruzar un sem\u00e1foro en rojo y luego&hellip;<\/p>\n","protected":false},"author":1,"featured_media":0,"comment_status":"open","ping_status":"open","sticky":false,"template":"","format":"standard","meta":{"footnotes":""},"categories":[25],"tags":[2497,6115,91,2433,13345,223,30,292,512],"class_list":["post-28891","post","type-post","status-publish","format-standard","hentry","category-sociedad","tag-atropellado","tag-camionero","tag-detenido","tag-la-boca","tag-leonel-ponce","tag-menor","tag-policia","tag-protesta","tag-reclamo"],"_links":{"self":[{"href":"https:\/\/www.elsindical.com.ar\/notas\/wp-json\/wp\/v2\/posts\/28891","targetHints":{"allow":["GET"]}}],"collection":[{"href":"https:\/\/www.elsindical.com.ar\/notas\/wp-json\/wp\/v2\/posts"}],"about":[{"href":"https:\/\/www.elsindical.com.ar\/notas\/wp-json\/wp\/v2\/types\/post"}],"author":[{"embeddable":true,"href":"https:\/\/www.elsindical.com.ar\/notas\/wp-json\/wp\/v2\/users\/1"}],"replies":[{"embeddable":true,"href":"https:\/\/www.elsindical.com.ar\/notas\/wp-json\/wp\/v2\/comments?post=28891"}],"version-history":[{"count":2,"href":"https:\/\/www.elsindical.com.ar\/notas\/wp-json\/wp\/v2\/posts\/28891\/revisions"}],"predecessor-version":[{"id":28894,"href":"https:\/\/www.elsindical.com.ar\/notas\/wp-json\/wp\/v2\/posts\/28891\/revisions\/28894"}],"wp:attachment":[{"href":"https:\/\/www.elsindical.com.ar\/notas\/wp-json\/wp\/v2\/media?parent=28891"}],"wp:term":[{"taxonomy":"category","embeddable":true,"href":"https:\/\/www.elsindical.com.ar\/notas\/wp-json\/wp\/v2\/categories?post=28891"},{"taxonomy":"post_tag","embeddable":true,"href":"https:\/\/www.elsindical.com.ar\/notas\/wp-json\/wp\/v2\/tags?post=28891"}],"curies":[{"name":"wp","href":"https:\/\/api.w.org\/{rel}","templated":true}]}}