{"id":28861,"date":"2012-10-26T00:50:30","date_gmt":"2012-10-26T03:50:30","guid":{"rendered":"http:\/\/www.elsindical.com.ar\/notas\/?p=28861"},"modified":"2012-10-26T00:50:30","modified_gmt":"2012-10-26T03:50:30","slug":"el-detenido-por-el-secuestro-de-una-mujer-en-san-isidro-era-un-reincidente-que-gozaba-de-libertad-condicional","status":"publish","type":"post","link":"https:\/\/www.elsindical.com.ar\/notas\/el-detenido-por-el-secuestro-de-una-mujer-en-san-isidro-era-un-reincidente-que-gozaba-de-libertad-condicional\/","title":{"rendered":"El detenido por el secuestro de una mujer en San Isidro era un reincidente que gozaba de libertad condicional"},"content":{"rendered":"<p style=\"text-align: justify;\"><em><a href=\"http:\/\/www.elsindical.com.ar\/notas\/var\/www\/html\/notas\/wp-content\/uploads\/2012\/10\/Cristian-Dami\u00e1n-Marignac.jpg\"><img loading=\"lazy\" decoding=\"async\" class=\"alignleft size-medium wp-image-28862\" title=\"Cristian-Dami\u00e1n-Marignac\" src=\"http:\/\/www.elsindical.com.ar\/notas\/var\/www\/html\/notas\/wp-content\/uploads\/2012\/10\/Cristian-Dami\u00e1n-Marignac-300x193.jpg\" alt=\"\" width=\"300\" height=\"193\" srcset=\"https:\/\/www.elsindical.com.ar\/notas\/var\/www\/html\/notas\/wp-content\/uploads\/2012\/10\/Cristian-Dami\u00e1n-Marignac-300x193.jpg 300w, https:\/\/www.elsindical.com.ar\/notas\/var\/www\/html\/notas\/wp-content\/uploads\/2012\/10\/Cristian-Dami\u00e1n-Marignac-464x300.jpg 464w, https:\/\/www.elsindical.com.ar\/notas\/var\/www\/html\/notas\/wp-content\/uploads\/2012\/10\/Cristian-Dami\u00e1n-Marignac.jpg 502w\" sizes=\"auto, (max-width: 300px) 100vw, 300px\" \/><\/a>El delincuente, que est\u00e1 detenido por secuestrar a una mujer en San Isidro y llevarla a adquirir electrodom\u00e9sticos a un shopping, ten\u00eda en su haber dos condenas previas por robos y estaba libre desde 2008 gracias a una libertad condicional.<\/em><\/p>\n<p style=\"text-align: justify;\">El hombre que est\u00e1 detenido acusado de haber secuestrado a una joven en San Isidro y llevarla a comprar electrodom\u00e9sticos a un shopping, ten\u00eda dos condenas previas por robos y estaba libre desde 2008 gracias a una libertad condicional otorgada por un juez de ejecuci\u00f3n penal porte\u00f1o.<\/p>\n<p style=\"text-align: justify;\">Fuentes judiciales informaron que se pudo confirmar que el imputado minti\u00f3 el martes pasado cuando, al ser detenido en la localidad bonaerense de S\u00e1enz Pe\u00f1a, dijo llamarse <strong>Maximiliano Barrionuevo<\/strong>.<\/p>\n<p style=\"text-align: justify;\">El fiscal de San Isidro <strong>Patricio Ferrari<\/strong> corrobor\u00f3 que la verdadera identidad del sospechoso es <strong>Cristian Dami\u00e1n Marignac<\/strong>, de 29 a\u00f1os.<\/p>\n<p style=\"text-align: justify;\">Seg\u00fan los informes del Registro Nacional de Reincidencia que llegaron al despacho del fiscal, Marignac cuenta en su prontuario con dos condenas, una impuesta por la justicia de San Isidro y la \u00faltima por la de Capital Federal.<\/p>\n<p style=\"text-align: justify;\">El 15 de julio de 2004, Marignac fue condenado por el Tribunal Oral en lo Criminal (TOC) 1 de San Isidro a cinco a\u00f1os de prisi\u00f3n por los delitos de \u201c<em>robo calificado por el uso de armas, en concurso real con abuso de arma cr\u00edminis causae<\/em>\u201d, seg\u00fan detallaron las fuentes consultadas.<\/p>\n<p style=\"text-align: justify;\">Pero el 20 de junio de 2006, el Tribunal Oral de Menores (TOM) 3 de Capital Federal, le unifica esa condena de San Isidro con otra de siete a\u00f1os y seis meses de prisi\u00f3n por \u201c<em>privaci\u00f3n ilegal de la libertad, robo agravado por el uso de armas, portaci\u00f3n ilegal de arma, disparo de arma de fuego y resistencia a la autoridad<\/em>\u201d.<\/p>\n<p style=\"text-align: justify;\">Marignac fue condenado a la pena \u00fanica de 10 a\u00f1os y seis meses de prisi\u00f3n por todas sus causas, pero a dos a\u00f1os de esa sentencia, el 13 de junio de 2008, el por entonces juez de Ejecuci\u00f3n Penal 1 de Capital Federal, <strong>Sergio Delgad<\/strong>o -actualmente retirado de la Justicia-, le otorg\u00f3 la libertad condicional.<\/p>\n<p style=\"text-align: justify;\">El hombre fue detenido el martes pasado a la madrugada, junto a su concubina, <strong>Pamela Beatriz Ulloa<\/strong> (27), acusados de ser la pareja que el jueves pasado captur\u00f3 en San Isidro a una joven de 28 a\u00f1os a la que llevaron a recorrer cajeros autom\u00e1ticos y a comprar electrodom\u00e9sticos a un shopping, hasta que la liberaron en el complejo Fuerte Apache, donde le robaron otros delincuentes.<\/p>\n<p style=\"text-align: justify;\">El fiscal Ferrari les imputa a Marignac y Ulloa los delitos de \u201c<em>privaci\u00f3n ilegal de la libertad, robo calificado, portaci\u00f3n ilegal de arma y sustituci\u00f3n de la chapa patente<\/em>\u201d del auto que le robaron a la v\u00edctima.<\/p>\n<p style=\"text-align: justify;\">El hecho que se les imputa ocurri\u00f3 el jueves pasado alrededor de las 20 cuando la chica fue secuestrada por una pareja armada con un rev\u00f3lver cuando estacionaba en la calle Andrade y avenida Santa Fe, frente al Hospital Central de San Isidro, a metros de su casa.<\/p>\n<p style=\"text-align: justify;\">Los delincuentes llevaron a la v\u00edctima a un cajero autom\u00e1tico de un banco Santander R\u00edo en Acassuso, a cuatro cuadras de su lugar de captura, donde extrajeron 1.500 pesos.<\/p>\n<p style=\"text-align: justify;\">No conformes con el dinero, la pareja fue a comprar electrodom\u00e9sticos a un local de la cadena Las Malvinas, en Vicente L\u00f3pez, pero la transacci\u00f3n no se pudo realizar, al igual que les pas\u00f3 en un local de Fr\u00e1vega de la calle Paran\u00e1, en Mart\u00ednez.<\/p>\n<p style=\"text-align: justify;\">Finalmente, llevaron a la propia v\u00edctima al local Falabella del shopping Unicenter, donde quedaron filmados y, bajo amenaza, lograron que ella compre con sus tarjetas de d\u00e9bito y cr\u00e9dito un televisor LCD de 40 pulgadas y un equipo home theatre.<\/p>\n<p style=\"text-align: justify;\">Tras cuatro horas de cautiverio, la joven fue liberada en el barrio Fuerte Apache de Ciudadela, donde la abandon\u00f3 amordazada y maniatada con precintos y le dej\u00f3 100 pesos \u201c<em>para el rem\u00eds<\/em>\u201d pero luego, al pedir ayuda, otra banda la asalt\u00f3 y le rob\u00f3 ese dinero.<\/p>\n<p style=\"text-align: justify;\">En el allanamiento realizado en la casa que usurpaba la pareja, el fiscal Ferrari y la polic\u00eda recuperaron el auto Gol Trend, el celular y documentaci\u00f3n de la v\u00edctima y secuestraron el LCD y el otro equipo comprados con sus tarjetas.<\/p>\n","protected":false},"excerpt":{"rendered":"<p>El delincuente, que est\u00e1 detenido por secuestrar a una mujer en San Isidro y llevarla a adquirir electrodom\u00e9sticos a un shopping, ten\u00eda en su haber dos condenas previas por robos y estaba libre desde 2008 gracias a una libertad condicional. El hombre que est\u00e1 detenido acusado de haber secuestrado a una joven en San Isidro&hellip;<\/p>\n","protected":false},"author":1,"featured_media":0,"comment_status":"open","ping_status":"open","sticky":false,"template":"","format":"standard","meta":{"footnotes":""},"categories":[20],"tags":[196,5550,235,1174,40,503],"class_list":["post-28861","post","type-post","status-publish","format-standard","hentry","category-judiciales","tag-delincuente","tag-libertad-condicional","tag-mujer","tag-robos","tag-san-isidro","tag-secuestro"],"_links":{"self":[{"href":"https:\/\/www.elsindical.com.ar\/notas\/wp-json\/wp\/v2\/posts\/28861","targetHints":{"allow":["GET"]}}],"collection":[{"href":"https:\/\/www.elsindical.com.ar\/notas\/wp-json\/wp\/v2\/posts"}],"about":[{"href":"https:\/\/www.elsindical.com.ar\/notas\/wp-json\/wp\/v2\/types\/post"}],"author":[{"embeddable":true,"href":"https:\/\/www.elsindical.com.ar\/notas\/wp-json\/wp\/v2\/users\/1"}],"replies":[{"embeddable":true,"href":"https:\/\/www.elsindical.com.ar\/notas\/wp-json\/wp\/v2\/comments?post=28861"}],"version-history":[{"count":1,"href":"https:\/\/www.elsindical.com.ar\/notas\/wp-json\/wp\/v2\/posts\/28861\/revisions"}],"predecessor-version":[{"id":28863,"href":"https:\/\/www.elsindical.com.ar\/notas\/wp-json\/wp\/v2\/posts\/28861\/revisions\/28863"}],"wp:attachment":[{"href":"https:\/\/www.elsindical.com.ar\/notas\/wp-json\/wp\/v2\/media?parent=28861"}],"wp:term":[{"taxonomy":"category","embeddable":true,"href":"https:\/\/www.elsindical.com.ar\/notas\/wp-json\/wp\/v2\/categories?post=28861"},{"taxonomy":"post_tag","embeddable":true,"href":"https:\/\/www.elsindical.com.ar\/notas\/wp-json\/wp\/v2\/tags?post=28861"}],"curies":[{"name":"wp","href":"https:\/\/api.w.org\/{rel}","templated":true}]}}