{"id":28858,"date":"2012-10-26T00:27:07","date_gmt":"2012-10-26T03:27:07","guid":{"rendered":"http:\/\/www.elsindical.com.ar\/notas\/?p=28858"},"modified":"2012-10-26T00:27:07","modified_gmt":"2012-10-26T03:27:07","slug":"crece-el-repudio-al-juez-que-libero-al-supuesto-violador-y-asesino-de-tatiana-kolodziey","status":"publish","type":"post","link":"https:\/\/www.elsindical.com.ar\/notas\/crece-el-repudio-al-juez-que-libero-al-supuesto-violador-y-asesino-de-tatiana-kolodziey\/","title":{"rendered":"Crece el repudio al juez que liber\u00f3 al supuesto violador y asesino de Tatiana Kolodziey"},"content":{"rendered":"<p style=\"text-align: justify;\"><em><a href=\"http:\/\/www.elsindical.com.ar\/notas\/var\/www\/html\/notas\/wp-content\/uploads\/2012\/10\/repudio-al-Juez-Axel-L\u00f3pez.jpg\"><img loading=\"lazy\" decoding=\"async\" class=\"alignleft size-medium wp-image-28859\" title=\"repudio-al-Juez-Axel-L\u00f3pez\" src=\"http:\/\/www.elsindical.com.ar\/notas\/var\/www\/html\/notas\/wp-content\/uploads\/2012\/10\/repudio-al-Juez-Axel-L\u00f3pez-300x205.jpg\" alt=\"\" width=\"300\" height=\"205\" srcset=\"https:\/\/www.elsindical.com.ar\/notas\/var\/www\/html\/notas\/wp-content\/uploads\/2012\/10\/repudio-al-Juez-Axel-L\u00f3pez-300x205.jpg 300w, https:\/\/www.elsindical.com.ar\/notas\/var\/www\/html\/notas\/wp-content\/uploads\/2012\/10\/repudio-al-Juez-Axel-L\u00f3pez-437x300.jpg 437w, https:\/\/www.elsindical.com.ar\/notas\/var\/www\/html\/notas\/wp-content\/uploads\/2012\/10\/repudio-al-Juez-Axel-L\u00f3pez.jpg 443w\" sizes=\"auto, (max-width: 300px) 100vw, 300px\" \/><\/a>Asociaciones de familiares de v\u00edctimas del delito marcharon contra el juez Axel L\u00f3pez e insisten con pedir su juicio pol\u00edtico. La cr\u00edtica de Berni.<\/em><\/p>\n<p style=\"text-align: justify;\">Mientras los restos de la joven chaque\u00f1a <strong>Tatiana Kolodziey<\/strong> eran inhumados hoy, luego de ser violada y asesinada, las asociaciones<strong> Madres del Dolor y Construyendo Justicia<\/strong> realizaron una marcha en Buenos Aires para expresar su \u00abrepudio\u00bb al juez Axel L\u00f3pez, cuestionado por otorgar la libertad condicional a varios detenidos por abusos, entre ellos, al presunto asesino de la radi\u00f3loga de 33 a\u00f1os. La manifestaci\u00f3n se realiz\u00f3 frente a los tribunales de Ejecuci\u00f3n Penal, en Alsina al 1400, donde trabaja el juez.<\/p>\n<p style=\"text-align: justify;\">\u00ab<strong>No queremos su perd\u00f3n, queremos que se vaya\u00bb<\/strong>, dijo Viviam Perrone, referente de la Asociaci\u00f3n Madres del Dolor. Y reiter\u00f3 que pedir\u00e1n el juicio pol\u00edtico del magistrado.<\/p>\n<p style=\"text-align: justify;\">Tambi\u00e9n particip\u00f3 de la protesta Victoria Gil, madre de Soledad Bragna, quien fue violada y asesinada en mayo de 2009 por un hombre que <strong>estaba preso por delitos sexuales<\/strong>y tambi\u00e9n fue liberado, antes del crimen, por L\u00f3pez. La mujer dijo que el crimen del Chaco le hizo \u00abrevivir todo lo que pas\u00f3 con mi hija\u00bb.<\/p>\n<p style=\"text-align: justify;\">En tanto, el abogado Claudio Mazaira, representante de la Asociaci\u00f3n Madres del Dolor, calific\u00f3 de<strong> \u00absoberbio\u00bb al juez<\/strong> y lo acus\u00f3 de haber condicionado la libertad que le otorg\u00f3 al sospechoso de la violaci\u00f3n y el asesinato en Chaco, con argumentos rayanos en lo <strong>\u00abinfantil y burdo\u00bb.<\/strong><\/p>\n<p style=\"text-align: justify;\">\u00abEl se autodefine como &#8216;garantista de los derechos del imputado&#8217;, no piensa en la v\u00edctima\u00bb, se quej\u00f3 el letrado, luego del anuncio que hizo la organizaci\u00f3n de que pedir\u00e1 el juicio pol\u00edtico del magistrado por liberar a Cabeza, pese a que la Fiscal\u00eda se hab\u00eda opuesto con la advertencia de que el imputado pod\u00eda llegar a ser reincidente.<\/p>\n<p style=\"text-align: justify;\">En declaraciones a la prensa, Mazaira ratific\u00f3 la decisi\u00f3n de esa organizaci\u00f3n social de solicitar el enjuiciamiento de L\u00f3pez \u00aben base al desempe\u00f1o que ha tenido no s\u00f3lo en esta causa sino en otras\u00bb.<br \/>\nMazaira sostuvo que el juez \u00abse bas\u00f3 en la soberbia de su propia experiencia porque no ten\u00eda ning\u00fan otro informe que contradijera lo que dec\u00eda el experto en la materia\u00bb.<\/p>\n<p style=\"text-align: justify;\">\u00abEl informe pericial entregado al juez habl\u00f3 de <strong>grave trastorno de la personalidad<\/strong> (del imputado), que no tiene ning\u00fan tipo de noci\u00f3n, ni respeta las reglas sociales, que no se aviene a ning\u00fan tipo de convivencia en sociedad y existe un <strong>grave peligro de reincidencia<\/strong> en cuanto al delito que hab\u00eda cometido\u00bb, record\u00f3 el letrado.<br \/>\nPor su parte, el representante de los abogados porte\u00f1os, Alejandro Fargosi, <strong>pedir\u00e1 que el Consejo de la Magistratura investigue a L\u00f3pez<\/strong>, para determinar si actu\u00f3 correctamente en el tr\u00e1mite de liberaci\u00f3n de Cabeza, y se\u00f1al\u00f3 que \u201cla investigaci\u00f3n deber\u00e1 determinar si el juez actu\u00f3 correctamente o si merece alg\u00fan tipo de sanci\u00f3n, incluyendo la destituci\u00f3n\u201d.<\/p>\n<p style=\"text-align: justify;\">\u201cEl juez L\u00f3pez ya hab\u00eda otorgado liberaciones a otros condenados, como a Pablo D\u00edaz (hoy integrante del Vatay\u00f3n Militante), que luego de salir mat\u00f3 en 2009 a Soledad Bargna, o como a Ernesto G\u00f3mez, condenado a 16 a\u00f1os por el crimen de Miguel Lecuna, marido de la actriz Georgina Barbarossa (beneficiado en 2010 con salidas transitorias)\u201d, explic\u00f3 el consejero.<\/p>\n<p style=\"text-align: justify;\">Ayer, la <strong>C\u00e1mara de Diputados del Chaco<\/strong> aprob\u00f3 una resoluci\u00f3n por la que se solicita al Congreso de la Naci\u00f3n que se inicien los tr\u00e1mites para <strong>someter a un nuevo juicio pol\u00edtico al juez<\/strong>.<\/p>\n<p style=\"text-align: justify;\">Con 53 a\u00f1os, Cabeza cumpli\u00f3 16 a\u00f1os de prisi\u00f3n por violaciones cuando era taxista en la Ciudad de Buenos Aires. Seg\u00fan consta en las causas anteriores, en todos los casos se val\u00eda de su empleo como chofer para captar v\u00edctimas. Hace un mes, fue beneficiado con la libertad condicional por el juez L\u00f3pez.<\/p>\n<p style=\"text-align: justify;\"><strong>\u00danico responsable. <\/strong>Por su parte, el secretario de Seguridad, Sergio Berni, opin\u00f3 que el juez L\u00f3pez \u00abes el responsable\u00bb de la muerte de Kolodziey.<\/p>\n<p style=\"text-align: justify;\">\u00abNo tiene una cierta responsabilidad, es el responsable, si no para qu\u00e9 tenemos un juez\u00bb, se quej\u00f3 el funcionario. \u00abCada uno se tiene que hacer responsable por los actos que hace\u00bb, continu\u00f3, en declaraciones a <em>Radio 10<\/em>.<\/p>\n<p style=\"text-align: justify;\"><strong>El \u00faltimo adi\u00f3s.<\/strong> Los restos de Kolodziey fueron inhumados esta ma\u00f1ana en el cementerio San Francisco Solano de Resistencia, luego de ser velados en medio de muestras de dolor de familiares, amigos y vecinos.<\/p>\n<p style=\"text-align: justify;\">La mujer fue secuestrada el s\u00e1bado y hallada el martes violada y asesinada en un descampado a las afueras de Resistencia.<\/p>\n<p style=\"text-align: justify;\">Su familia, en tanto, dijo creer que otro hombre con antecedentes penales, junto al que se encuentra detenido por el caso, estar\u00eda involucrado en el crimen de la joven. \u00abMe imagino que hay otra persona (involucrada en el homicidio), pero no lo puedo certificar\u00bb, dijo el padre de la v\u00edctima, Alfredo Kolodziey, a la salida de los funerales, respecto de una hip\u00f3tesis que trascendi\u00f3 en las \u00faltimas horas.<\/p>\n<p style=\"text-align: justify;\">La mujer fue secuestrada el s\u00e1bado y hallada el martes violada y asesinada en un descampado a las afueras de Resistencia.<\/p>\n","protected":false},"excerpt":{"rendered":"<p>Asociaciones de familiares de v\u00edctimas del delito marcharon contra el juez Axel L\u00f3pez e insisten con pedir su juicio pol\u00edtico. La cr\u00edtica de Berni. Mientras los restos de la joven chaque\u00f1a Tatiana Kolodziey eran inhumados hoy, luego de ser violada y asesinada, las asociaciones Madres del Dolor y Construyendo Justicia realizaron una marcha en Buenos&hellip;<\/p>\n","protected":false},"author":1,"featured_media":0,"comment_status":"open","ping_status":"open","sticky":false,"template":"","format":"standard","meta":{"footnotes":""},"categories":[25],"tags":[12462,13328,157,13326,1997,13327,509],"class_list":["post-28858","post","type-post","status-publish","format-standard","hentry","category-sociedad","tag-berni","tag-construyendo-justicia","tag-familiares","tag-juez-axel-lopez","tag-madres-del-dolor","tag-tatiana-kolodziey","tag-victimas"],"_links":{"self":[{"href":"https:\/\/www.elsindical.com.ar\/notas\/wp-json\/wp\/v2\/posts\/28858","targetHints":{"allow":["GET"]}}],"collection":[{"href":"https:\/\/www.elsindical.com.ar\/notas\/wp-json\/wp\/v2\/posts"}],"about":[{"href":"https:\/\/www.elsindical.com.ar\/notas\/wp-json\/wp\/v2\/types\/post"}],"author":[{"embeddable":true,"href":"https:\/\/www.elsindical.com.ar\/notas\/wp-json\/wp\/v2\/users\/1"}],"replies":[{"embeddable":true,"href":"https:\/\/www.elsindical.com.ar\/notas\/wp-json\/wp\/v2\/comments?post=28858"}],"version-history":[{"count":1,"href":"https:\/\/www.elsindical.com.ar\/notas\/wp-json\/wp\/v2\/posts\/28858\/revisions"}],"predecessor-version":[{"id":28860,"href":"https:\/\/www.elsindical.com.ar\/notas\/wp-json\/wp\/v2\/posts\/28858\/revisions\/28860"}],"wp:attachment":[{"href":"https:\/\/www.elsindical.com.ar\/notas\/wp-json\/wp\/v2\/media?parent=28858"}],"wp:term":[{"taxonomy":"category","embeddable":true,"href":"https:\/\/www.elsindical.com.ar\/notas\/wp-json\/wp\/v2\/categories?post=28858"},{"taxonomy":"post_tag","embeddable":true,"href":"https:\/\/www.elsindical.com.ar\/notas\/wp-json\/wp\/v2\/tags?post=28858"}],"curies":[{"name":"wp","href":"https:\/\/api.w.org\/{rel}","templated":true}]}}