{"id":28821,"date":"2012-10-25T01:33:21","date_gmt":"2012-10-25T04:33:21","guid":{"rendered":"http:\/\/www.elsindical.com.ar\/notas\/?p=28821"},"modified":"2012-10-25T01:33:38","modified_gmt":"2012-10-25T04:33:38","slug":"del-visodrogan-y-violan-a-una-menor-varios-hombres","status":"publish","type":"post","link":"https:\/\/www.elsindical.com.ar\/notas\/del-visodrogan-y-violan-a-una-menor-varios-hombres\/","title":{"rendered":"Del Viso:Drogan y violan a una menor varios hombres"},"content":{"rendered":"<p style=\"text-align: justify;\"><em><a href=\"http:\/\/www.elsindical.com.ar\/notas\/var\/www\/html\/notas\/wp-content\/uploads\/2012\/10\/menor-abusada.jpg\"><img loading=\"lazy\" decoding=\"async\" class=\"alignleft size-medium wp-image-28822\" title=\"menor-abusada\" src=\"http:\/\/www.elsindical.com.ar\/notas\/var\/www\/html\/notas\/wp-content\/uploads\/2012\/10\/menor-abusada-300x200.jpg\" alt=\"\" width=\"300\" height=\"200\" srcset=\"https:\/\/www.elsindical.com.ar\/notas\/var\/www\/html\/notas\/wp-content\/uploads\/2012\/10\/menor-abusada-300x200.jpg 300w, https:\/\/www.elsindical.com.ar\/notas\/var\/www\/html\/notas\/wp-content\/uploads\/2012\/10\/menor-abusada.jpg 325w\" sizes=\"auto, (max-width: 300px) 100vw, 300px\" \/><\/a>La v\u00edctima tiene 16 a\u00f1os. En la fiesta conoci\u00f3 a un joven que la invit\u00f3 a tomar algo. Luego perdi\u00f3 el conocimiento y cuando reaccion\u00f3 estaba en un descampado siendo golpeada y abusada.<\/em><\/p>\n<p style=\"text-align: justify;\"><strong>La chica tiene 16 a\u00f1os<\/strong> y a\u00fan no comprende por qu\u00e9 tanto horror. El drama ocurri\u00f3 cuando concurri\u00f3 a una fiesta intercolegial en la localidad de <strong>Del Viso<\/strong>, donde conoci\u00f3 a chicos de otras escuelas, que la invitaron con un trago. Se cree que la bebida conten\u00eda alg\u00fan tipo de sustancia ilegal. En ese marco, la adolescente perdi\u00f3 el conocimiento. S\u00f3lo tiene \u2018recuerdos\u2019 difusos, mientras estaba tirada en un colch\u00f3n, en un descampado, y observaba sin poder reaccionar c\u00f3mo <strong>varios j\u00f3venes la golpeaban y abusaban sexualmente.<\/strong><\/p>\n<p style=\"text-align: justify;\">El horrendo caso ocurri\u00f3 el martes cuando la menor, de quien se reserva la identidad por tratarse de un delito de integridad sexual, asisti\u00f3 a un evento realizado en un local bailable, que hab\u00eda sido alquilado entre alumnos de varios colegios secundarios de zona norte del Conurbano para realizar un encuentro, con entrada de ventas y bebidas en el interior.<\/p>\n<p style=\"text-align: justify;\">El objetivo de la velada era recaudar fondos para aquellos estudiantes que en estos meses egresan y viajan. As\u00ed, la chica conoci\u00f3 a un joven, que ser\u00eda mayor de 18 a\u00f1os, quien la invit\u00f3 a tomar un trago en la barra del predio. Al cabo de unos minutos, la adolescente comenz\u00f3 a sentirse mal, al punto que perdi\u00f3 parcialmente el conocimiento.<\/p>\n<p style=\"text-align: justify;\">Lo que aconteci\u00f3 despu\u00e9s forma parte de peque\u00f1os recuerdos que pudo aportar la v\u00edctima en su <strong>estremecedor relato.<\/strong> Primero fue retirada del lugar por varios muchachos, quienes la trasladaron hacia una descampado. All\u00ed, la sometieron sexualmente. <strong>La menor cont\u00f3 posteriormente que pudo ver en un momento a uno de los agresores mientras la violaba, y a otro cuando se colocaba un preservativo.<\/strong><\/p>\n<p style=\"text-align: justify;\">Durante el terror\u00edfico episodio, la chica result\u00f3 golpeada, de acuerdo a lo que arrojaron las pericias, que confirmaron las vejaciones.<br \/>\nLa denuncia fue presentada en la justicia, y la joven pudo relatar lo sucedido. Incluso, marc\u00f3 el lugar donde la hab\u00edan violado. All\u00ed, al concurrir la polic\u00eda, se encontraron \u2018decenas de preservativos usados\u2019, por lo que se sospecha que los sujetos llevan a cabo ataques sexuales de forma serial, bajo las mismas caracter\u00edsticas.<\/p>\n<p style=\"text-align: justify;\">Mar\u00eda Elena Leuzzi, titular de la Asociaci\u00f3n de V\u00edctimas de Violaci\u00f3n (Avivi), cont\u00f3 que la chica \u2018est\u00e1 muy mal. Se tiene que someter a distintos estudios y tomar medicaci\u00f3n para impedir posibles infecciones. Cuenta con nuestro apoyo y el de toda su familia\u201d.<\/p>\n<p style=\"text-align: justify;\"><strong>Alarma por los comentarios hallados en la red<\/strong><\/p>\n<p style=\"text-align: justify;\">Tras tomar contacto con el abuso sexual que sufri\u00f3 la chica, el padre de la v\u00edctima se introdujo en la cuenta de Facebook que tiene la menor para saber si el grupo de amigos y los contactos mencionaban algo de la situaci\u00f3n, cuando la chica fue retirada de la fiesta por los abusadores. Pero el hombre se top\u00f3 con comentarios alarmantes.<\/p>\n<p style=\"text-align: justify;\">Es que muchos chicos aparentemente hicieron referencias abiertamente sobre tragos que mezclaban con sustancias justamente para lograr mantener relaciones \u00edntimas con las adolescentes.<\/p>\n","protected":false},"excerpt":{"rendered":"<p>La v\u00edctima tiene 16 a\u00f1os. En la fiesta conoci\u00f3 a un joven que la invit\u00f3 a tomar algo. Luego perdi\u00f3 el conocimiento y cuando reaccion\u00f3 estaba en un descampado siendo golpeada y abusada. La chica tiene 16 a\u00f1os y a\u00fan no comprende por qu\u00e9 tanto horror. El drama ocurri\u00f3 cuando concurri\u00f3 a una fiesta intercolegial&hellip;<\/p>\n","protected":false},"author":1,"featured_media":0,"comment_status":"open","ping_status":"open","sticky":false,"template":"","format":"standard","meta":{"footnotes":""},"categories":[22],"tags":[490,2608,4350,175,643,219,223,30],"class_list":["post-28821","post","type-post","status-publish","format-standard","hentry","category-policiales","tag-baile","tag-cuenta","tag-del-viso","tag-denuncia","tag-drogada","tag-facebook","tag-menor","tag-policia"],"_links":{"self":[{"href":"https:\/\/www.elsindical.com.ar\/notas\/wp-json\/wp\/v2\/posts\/28821","targetHints":{"allow":["GET"]}}],"collection":[{"href":"https:\/\/www.elsindical.com.ar\/notas\/wp-json\/wp\/v2\/posts"}],"about":[{"href":"https:\/\/www.elsindical.com.ar\/notas\/wp-json\/wp\/v2\/types\/post"}],"author":[{"embeddable":true,"href":"https:\/\/www.elsindical.com.ar\/notas\/wp-json\/wp\/v2\/users\/1"}],"replies":[{"embeddable":true,"href":"https:\/\/www.elsindical.com.ar\/notas\/wp-json\/wp\/v2\/comments?post=28821"}],"version-history":[{"count":2,"href":"https:\/\/www.elsindical.com.ar\/notas\/wp-json\/wp\/v2\/posts\/28821\/revisions"}],"predecessor-version":[{"id":28824,"href":"https:\/\/www.elsindical.com.ar\/notas\/wp-json\/wp\/v2\/posts\/28821\/revisions\/28824"}],"wp:attachment":[{"href":"https:\/\/www.elsindical.com.ar\/notas\/wp-json\/wp\/v2\/media?parent=28821"}],"wp:term":[{"taxonomy":"category","embeddable":true,"href":"https:\/\/www.elsindical.com.ar\/notas\/wp-json\/wp\/v2\/categories?post=28821"},{"taxonomy":"post_tag","embeddable":true,"href":"https:\/\/www.elsindical.com.ar\/notas\/wp-json\/wp\/v2\/tags?post=28821"}],"curies":[{"name":"wp","href":"https:\/\/api.w.org\/{rel}","templated":true}]}}