{"id":28779,"date":"2012-10-24T10:11:42","date_gmt":"2012-10-24T13:11:42","guid":{"rendered":"http:\/\/www.elsindical.com.ar\/notas\/?p=28779"},"modified":"2012-10-24T10:11:42","modified_gmt":"2012-10-24T13:11:42","slug":"nuevas-medidas-de-fuerza-del-gremio-de-camioneros-amenazan-con-extenderse","status":"publish","type":"post","link":"https:\/\/www.elsindical.com.ar\/notas\/nuevas-medidas-de-fuerza-del-gremio-de-camioneros-amenazan-con-extenderse\/","title":{"rendered":"Nuevas medidas de fuerza del gremio de camioneros amenazan con extenderse"},"content":{"rendered":"<p style=\"text-align: justify;\"><em><a href=\"http:\/\/www.elsindical.com.ar\/notas\/var\/www\/html\/notas\/wp-content\/uploads\/2012\/10\/bloqueo-camioneros.jpg\"><img loading=\"lazy\" decoding=\"async\" class=\"alignleft size-medium wp-image-28780\" title=\"bloqueo-camioneros\" src=\"http:\/\/www.elsindical.com.ar\/notas\/var\/www\/html\/notas\/wp-content\/uploads\/2012\/10\/bloqueo-camioneros-300x224.jpg\" alt=\"\" width=\"300\" height=\"224\" srcset=\"https:\/\/www.elsindical.com.ar\/notas\/var\/www\/html\/notas\/wp-content\/uploads\/2012\/10\/bloqueo-camioneros-300x224.jpg 300w, https:\/\/www.elsindical.com.ar\/notas\/var\/www\/html\/notas\/wp-content\/uploads\/2012\/10\/bloqueo-camioneros-400x300.jpg 400w, https:\/\/www.elsindical.com.ar\/notas\/var\/www\/html\/notas\/wp-content\/uploads\/2012\/10\/bloqueo-camioneros.jpg 443w\" sizes=\"auto, (max-width: 300px) 100vw, 300px\" \/><\/a>El gremio que dirige <strong>Pablo Moyano<\/strong> mantiene tomados tres mayoristas de <strong>San Pedro, San Nicol\u00e1s y Don Torcuato<\/strong>. Es por la afiliaci\u00f3n de trabajadores de log\u00edstica, que pertenecen al gremio de Comercio.<strong> Amenazan con extenderlos a todo el pa\u00eds<\/strong>.<\/em><\/p>\n<p style=\"text-align: justify;\">Despu\u00e9s de algunos meses de \u00abtregua\u00bb, volvi\u00f3 la pelea por el reencuadramiento sindical de Camioneros. Agremiados al sindicato de Moyano <strong>volvieron a bloquear los ingresos de tres supermercados mayoristas, exigiendo la afiliaci\u00f3n de los empleados del \u00e1rea de log\u00edstica.<\/strong><\/p>\n<p style=\"text-align: justify;\">Por ahora, la medida alcanza a tres sucursales de las cadenas Maxiconsumo y Danisant. Aunque nadie descarta que se extienda hacia otras bocas de venta de esas empresas.<\/p>\n<p style=\"text-align: justify;\">El bloqueo se inici\u00f3 en las \u00faltimas horas del lunes en los dos supermercados que <strong>Maxiconsumo tiene en las localidades de San Nicol\u00e1s y San Pedro<\/strong>. Y ayer, la medida se extendi\u00f3 a la sucursal que la empresa<strong> Danisant tiene en Don Torcuato.<\/strong><\/p>\n<p style=\"text-align: justify;\">Los sindicalistas reclaman que trabajadores de log\u00edstica, que desempe\u00f1an tareas de distribuci\u00f3n y carga de productos y <strong>pertenecen al Sindicato de Empleados de Comercio, pasen al gremio de Moyano.<\/strong><\/p>\n<p style=\"text-align: justify;\">\u00abEstamos sufriendo un nuevo ataque de Camioneros, con los supermercados bloqueados y el acceso completamente cerrado. Por el momento, no sabemos si se trata de un problema exclusivo de la zona norte de la provincia de Buenos Aires <strong>o si vienen por todos los supermercados mayoristas\u00bb<\/strong>, se\u00f1al\u00f3<strong> Alberto Guida<\/strong>, presidente de Cadam, la c\u00e1mara que re\u00fane a los mayoristas.<\/p>\n<p style=\"text-align: justify;\">Ya en 2010, Camioneros hab\u00eda paralizado durante varias semanas la actividad de varios supermercados mayoristas.<\/p>\n<p style=\"text-align: justify;\">En aquel momento, cuando Moyano a\u00fan mantiene fuertes v\u00ednculos con el gobierno nacional, la medida de fuerza culmin\u00f3 con el traspaso de parte de los empleados de Comercio a su gremio. Ahora, la coyuntura pol\u00edtica es totalmente distinta, lo que puede generar que el conflicto se prolongue sin soluci\u00f3n.<\/p>\n","protected":false},"excerpt":{"rendered":"<p>El gremio que dirige Pablo Moyano mantiene tomados tres mayoristas de San Pedro, San Nicol\u00e1s y Don Torcuato. Es por la afiliaci\u00f3n de trabajadores de log\u00edstica, que pertenecen al gremio de Comercio. Amenazan con extenderlos a todo el pa\u00eds. Despu\u00e9s de algunos meses de \u00abtregua\u00bb, volvi\u00f3 la pelea por el reencuadramiento sindical de Camioneros. Agremiados&hellip;<\/p>\n","protected":false},"author":1,"featured_media":0,"comment_status":"open","ping_status":"open","sticky":false,"template":"","format":"standard","meta":{"footnotes":""},"categories":[16],"tags":[1298,4488,873,13293,632,1162,1855],"class_list":["post-28779","post","type-post","status-publish","format-standard","hentry","category-gremiales","tag-camioneros","tag-don-torcuato","tag-gremio","tag-mayoristas","tag-pablo-moyano","tag-san-nicolas","tag-san-pedro"],"_links":{"self":[{"href":"https:\/\/www.elsindical.com.ar\/notas\/wp-json\/wp\/v2\/posts\/28779","targetHints":{"allow":["GET"]}}],"collection":[{"href":"https:\/\/www.elsindical.com.ar\/notas\/wp-json\/wp\/v2\/posts"}],"about":[{"href":"https:\/\/www.elsindical.com.ar\/notas\/wp-json\/wp\/v2\/types\/post"}],"author":[{"embeddable":true,"href":"https:\/\/www.elsindical.com.ar\/notas\/wp-json\/wp\/v2\/users\/1"}],"replies":[{"embeddable":true,"href":"https:\/\/www.elsindical.com.ar\/notas\/wp-json\/wp\/v2\/comments?post=28779"}],"version-history":[{"count":1,"href":"https:\/\/www.elsindical.com.ar\/notas\/wp-json\/wp\/v2\/posts\/28779\/revisions"}],"predecessor-version":[{"id":28781,"href":"https:\/\/www.elsindical.com.ar\/notas\/wp-json\/wp\/v2\/posts\/28779\/revisions\/28781"}],"wp:attachment":[{"href":"https:\/\/www.elsindical.com.ar\/notas\/wp-json\/wp\/v2\/media?parent=28779"}],"wp:term":[{"taxonomy":"category","embeddable":true,"href":"https:\/\/www.elsindical.com.ar\/notas\/wp-json\/wp\/v2\/categories?post=28779"},{"taxonomy":"post_tag","embeddable":true,"href":"https:\/\/www.elsindical.com.ar\/notas\/wp-json\/wp\/v2\/tags?post=28779"}],"curies":[{"name":"wp","href":"https:\/\/api.w.org\/{rel}","templated":true}]}}