{"id":28755,"date":"2012-10-23T20:34:19","date_gmt":"2012-10-23T23:34:19","guid":{"rendered":"http:\/\/www.elsindical.com.ar\/notas\/?p=28755"},"modified":"2012-10-23T20:34:19","modified_gmt":"2012-10-23T23:34:19","slug":"chacoel-presunto-asesino-y-violador-estaba-bajo-libertad-condicional-a-pesar-de-sus-antecedentes","status":"publish","type":"post","link":"https:\/\/www.elsindical.com.ar\/notas\/chacoel-presunto-asesino-y-violador-estaba-bajo-libertad-condicional-a-pesar-de-sus-antecedentes\/","title":{"rendered":"Chaco:El presunto asesino y violador estaba bajo libertad condicional a pesar de sus antecedentes"},"content":{"rendered":"<p style=\"text-align: justify;\"><em><strong><a href=\"http:\/\/www.elsindical.com.ar\/notas\/var\/www\/html\/notas\/wp-content\/uploads\/2012\/10\/Juan-Ernesto-Cabeza.jpg\"><img loading=\"lazy\" decoding=\"async\" class=\"alignleft size-medium wp-image-28756\" title=\"Juan-Ernesto-Cabeza\" src=\"http:\/\/www.elsindical.com.ar\/notas\/var\/www\/html\/notas\/wp-content\/uploads\/2012\/10\/Juan-Ernesto-Cabeza-300x225.jpg\" alt=\"\" width=\"300\" height=\"225\" srcset=\"https:\/\/www.elsindical.com.ar\/notas\/var\/www\/html\/notas\/wp-content\/uploads\/2012\/10\/Juan-Ernesto-Cabeza-300x225.jpg 300w, https:\/\/www.elsindical.com.ar\/notas\/var\/www\/html\/notas\/wp-content\/uploads\/2012\/10\/Juan-Ernesto-Cabeza-399x300.jpg 399w, https:\/\/www.elsindical.com.ar\/notas\/var\/www\/html\/notas\/wp-content\/uploads\/2012\/10\/Juan-Ernesto-Cabeza.jpg 531w\" sizes=\"auto, (max-width: 300px) 100vw, 300px\" \/><\/a>Juan Ernesto Cabeza<\/strong> es el conductor del rem\u00eds en el que se vio por \u00faltima vez a <strong>Tatiana Kolodziez<\/strong>, cuyo cuerpo fue hallado esta tarde<strong>. <\/strong>Fue<strong> <\/strong>condenado<strong> <\/strong>a 24 a\u00f1os de prisi\u00f3n por cuatro casos de abuso. La obsesi\u00f3n por sus v\u00edctimas.<\/em><\/p>\n<p style=\"text-align: justify;\">Cabeza fue detenido el s\u00e1bado, horas despu\u00e9s de que se haya reportado la desaparici\u00f3n de Tatiana Kolodziez, a quien hab\u00eda subido a su auto luego de que ella pidiera un rem\u00eds desde su casa. Seg\u00fan algunas versiones, <strong>el hombre habr\u00eda confesado ser el autor del crimen<\/strong> de la joven de 33 a\u00f1os cuya desaparici\u00f3n hab\u00eda movilizado a la sociedad chaque\u00f1a en los \u00faltimos d\u00edas.<\/p>\n<p style=\"text-align: justify;\">El hombre hab\u00eda sido <strong>condenado en 1997 a 16 a\u00f1os de prisi\u00f3n<\/strong> por la violaci\u00f3n de tres mujeres de entre 19 y 27 a\u00f1os, ocurridas en marzo de 1996. Un juicio posterior agreg\u00f3 una segunda sentencia de 8 a\u00f1os por un cuarto caso de similares caracter\u00edsticas. Todos los hechos sucedieron en el taxi que manejaba entonces.<\/p>\n<p style=\"text-align: justify;\">Adem\u00e1s de la violaci\u00f3n, el Tribunal Oral n\u00famero 6 de Capital Federal incluy\u00f3 los delitos de <strong>privaci\u00f3n ileg\u00edtima de libertad y robo en la condena<\/strong>.<\/p>\n<p style=\"text-align: justify;\">El juicio fue posible gracias a la valent\u00eda de sus v\u00edctimas, que pese al temor que les infundi\u00f3 esa experiencia (una de ellas era virgen en el momento de la agresi\u00f3n) se animaron a denunciarlo y a someterse a los ex\u00e1menes para confirmarlo.<\/p>\n<p style=\"text-align: justify;\">A partir de sus testimonios la Justicia indic\u00f3 que Cabeza ten\u00eda una conducta a la hora de atacar. El proceder comenzaba con una amenaza con una r\u00e9plica de arma, con la cual robaba las pertenencias<strong>; luego las violaba en el asiento trasero del auto<\/strong>. Dos de esos episodios ocurrieron en un Renault 9 y otro en un Peugeot 504.<\/p>\n<p style=\"text-align: justify;\">Gracias a las pertenencias que hab\u00eda robado, el agresor consegu\u00eda los tel\u00e9fonos y direcciones de sus v\u00edctimas, a quienes luego amenazaba, persegu\u00eda o incluso \u201cinvitaba a salir\u201d.<\/p>\n<p style=\"text-align: justify;\">Fue esa conducta obsesiva la que permiti\u00f3 su captura. En una de sus incursiones por las inmediaciones del domicilio de una de las mujeres, la madre de la v\u00edctima logr\u00f3 anotar la patente del veh\u00edculo que utilizaba. Aunque el hombre hab\u00eda intentado cambiar su aspecto f\u00edsico afeit\u00e1ndose la barba, la polic\u00eda logr\u00f3 atraparlo.<\/p>\n<p style=\"text-align: justify;\">Cabeza cumpli\u00f3 la \u00faltima parte de su pena en una prisi\u00f3n cercana a la capital chaque\u00f1a, Resistencia. Luego de que se le otorgara la <strong>libertad condicional el mes pasado<\/strong>, consigui\u00f3 una licencia de conducir en Puerto Vilelas, una peque\u00f1a localidad la provincia, lo que le permiti\u00f3 acceder a su trabajo de remisero.<\/p>\n","protected":false},"excerpt":{"rendered":"<p>Juan Ernesto Cabeza es el conductor del rem\u00eds en el que se vio por \u00faltima vez a Tatiana Kolodziez, cuyo cuerpo fue hallado esta tarde. Fue condenado a 24 a\u00f1os de prisi\u00f3n por cuatro casos de abuso. La obsesi\u00f3n por sus v\u00edctimas. Cabeza fue detenido el s\u00e1bado, horas despu\u00e9s de que se haya reportado la&hellip;<\/p>\n","protected":false},"author":1,"featured_media":0,"comment_status":"open","ping_status":"open","sticky":false,"template":"","format":"standard","meta":{"footnotes":""},"categories":[25],"tags":[1113,13286,3677,13287],"class_list":["post-28755","post","type-post","status-publish","format-standard","hentry","category-sociedad","tag-casa","tag-juan-ernesto-cabeza","tag-remis","tag-tatiana-kolodziez"],"_links":{"self":[{"href":"https:\/\/www.elsindical.com.ar\/notas\/wp-json\/wp\/v2\/posts\/28755","targetHints":{"allow":["GET"]}}],"collection":[{"href":"https:\/\/www.elsindical.com.ar\/notas\/wp-json\/wp\/v2\/posts"}],"about":[{"href":"https:\/\/www.elsindical.com.ar\/notas\/wp-json\/wp\/v2\/types\/post"}],"author":[{"embeddable":true,"href":"https:\/\/www.elsindical.com.ar\/notas\/wp-json\/wp\/v2\/users\/1"}],"replies":[{"embeddable":true,"href":"https:\/\/www.elsindical.com.ar\/notas\/wp-json\/wp\/v2\/comments?post=28755"}],"version-history":[{"count":1,"href":"https:\/\/www.elsindical.com.ar\/notas\/wp-json\/wp\/v2\/posts\/28755\/revisions"}],"predecessor-version":[{"id":28757,"href":"https:\/\/www.elsindical.com.ar\/notas\/wp-json\/wp\/v2\/posts\/28755\/revisions\/28757"}],"wp:attachment":[{"href":"https:\/\/www.elsindical.com.ar\/notas\/wp-json\/wp\/v2\/media?parent=28755"}],"wp:term":[{"taxonomy":"category","embeddable":true,"href":"https:\/\/www.elsindical.com.ar\/notas\/wp-json\/wp\/v2\/categories?post=28755"},{"taxonomy":"post_tag","embeddable":true,"href":"https:\/\/www.elsindical.com.ar\/notas\/wp-json\/wp\/v2\/tags?post=28755"}],"curies":[{"name":"wp","href":"https:\/\/api.w.org\/{rel}","templated":true}]}}